{"id":69054,"date":"2023-10-01T11:00:00","date_gmt":"2023-10-01T14:00:00","guid":{"rendered":"https:\/\/tvc16.com\/portal\/?p=69054"},"modified":"2023-09-29T09:29:29","modified_gmt":"2023-09-29T12:29:29","slug":"coral-dos-anjos-amigos-em-outubro","status":"publish","type":"post","link":"https:\/\/tvc16.com\/portal\/2023\/10\/01\/coral-dos-anjos-amigos-em-outubro\/","title":{"rendered":"Coral dos Anjos &#038; Amigos em outubro"},"content":{"rendered":"\n<p>Depois de uma longa pausa por conta da pandemia e dos ajustes necess\u00e1rios para sua realiza\u00e7\u00e3o, o show imperd\u00edvel e tradicional Coral dos Anjos &amp; Amigos est\u00e1 de volta, desta vez em uma mini temporada de tr\u00eas dias, de 6 a 8 de outubro, no Teatro Afonso Arinos, no Centro de Cultura Raul de Leoni.<\/p>\n\n\n\n<p>Como os amigos s\u00e3o muitos e o p\u00fablico \u00e9 grande, realizar a mini temporada foi a forma encontrada para a realiza\u00e7\u00e3o de shows um pouco menores, j\u00e1 que o Coral dos Anjos soma, por si s\u00f3, mais de 20 componentes fixos no palco, coordenados por Danilo Henriques. Os participantes, m\u00fasicos renomados da cidade, apresentam-se com o Coral, cada um numa can\u00e7\u00e3o.<\/p>\n\n\n\n<p>Entre os convidados confirmados temos o grupo Puro Pecado, o DJ Vitor Ventura e Bruno Guimar\u00e3es, Dan Pelegrini, Sandro Gomes, B\u00e1rbara Paiva, Fabrine Schuysen, Rafael Pinheiro, Rafael Mazzi, Gisele Novaes, Igor Oggy entre outros.<\/p>\n\n\n\n<p><strong>Convidados especiais:<\/strong><\/p>\n\n\n\n<p>Dia 6 &#8211; Dan Pellegrini, Dino Fernandes, Puro Pecado, Mayara Ferreira, Arnaldo Torricelli, Maristela, Gisele Novaes<\/p>\n\n\n\n<p>Dia 7 &#8211; Noah Zibr\u00e3o, Fabrine, Dan Pellegrini, Dino Fernandes, Arnaldo Torricelli, Igor Oggy, Vit\u00f3ria Lacir, Thales Gabrig, Barbasetecordas<\/p>\n\n\n\n<p>Dia 8 &#8211; B\u00e1rbara Paiva, Rafael Pinheiro, Dan Pellegrini, Dino Fernandes, Sandro Gomes, Vitor Ventura e Bruno Guimar\u00e3es, Arnaldo Torricelli, Ramon Albino<\/p>\n\n\n\n<p>Os ingressos para cada dia custam o valor inteiro de 40 reais, mas podem ser adquiridos em custo de meia entrada, 20 reais, na compra antecipada, na entrega de um quilo de alimento n\u00e3o perec\u00edvel na porta ou atendendo beneficiados pela lei como estudantes, idosos, PcDs, profissionais da educa\u00e7\u00e3o e classe art\u00edstica. Desejamos vender muitos na meia entrada! <\/p>\n\n\n\n<p>A venda ser\u00e1 realizada pelos membros do Coral dos Anjos ou atrav\u00e9s do Instagram Coral dos Anjos Oficial a partir do dia 20 de setembro.<\/p>\n\n\n\n<p>O projeto fundado em 2012, tem produ\u00e7\u00e3o executiva da Bem Cultural, conta com as professoras musicistas Tainara e Dandara Claudino e apoio fixo do Instituto Municipal de Cultura.<\/p>\n\n\n\n<p>Sem d\u00favida, imperd\u00edvel. Fiquem ligados na programa\u00e7\u00e3o para saber os convidados de cada dia.<\/p>\n","protected":false},"excerpt":{"rendered":"<p>Depois de uma longa pausa por conta da pandemia e dos ajustes necess\u00e1rios para sua<\/p>\n","protected":false},"author":2,"featured_media":69055,"comment_status":"open","ping_status":"open","sticky":false,"template":"","format":"standard","meta":{"footnotes":""},"categories":[12],"tags":[],"class_list":["post-69054","post","type-post","status-publish","format-standard","has-post-thumbnail","hentry","category-cidade"],"_links":{"self":[{"href":"https:\/\/tvc16.com\/portal\/wp-json\/wp\/v2\/posts\/69054","targetHints":{"allow":["GET"]}}],"collection":[{"href":"https:\/\/tvc16.com\/portal\/wp-json\/wp\/v2\/posts"}],"about":[{"href":"https:\/\/tvc16.com\/portal\/wp-json\/wp\/v2\/types\/post"}],"author":[{"embeddable":true,"href":"https:\/\/tvc16.com\/portal\/wp-json\/wp\/v2\/users\/2"}],"replies":[{"embeddable":true,"href":"https:\/\/tvc16.com\/portal\/wp-json\/wp\/v2\/comments?post=69054"}],"version-history":[{"count":2,"href":"https:\/\/tvc16.com\/portal\/wp-json\/wp\/v2\/posts\/69054\/revisions"}],"predecessor-version":[{"id":69057,"href":"https:\/\/tvc16.com\/portal\/wp-json\/wp\/v2\/posts\/69054\/revisions\/69057"}],"wp:featuredmedia":[{"embeddable":true,"href":"https:\/\/tvc16.com\/portal\/wp-json\/wp\/v2\/media\/69055"}],"wp:attachment":[{"href":"https:\/\/tvc16.com\/portal\/wp-json\/wp\/v2\/media?parent=69054"}],"wp:term":[{"taxonomy":"category","embeddable":true,"href":"https:\/\/tvc16.com\/portal\/wp-json\/wp\/v2\/categories?post=69054"},{"taxonomy":"post_tag","embeddable":true,"href":"https:\/\/tvc16.com\/portal\/wp-json\/wp\/v2\/tags?post=69054"}],"curies":[{"name":"wp","href":"https:\/\/api.w.org\/{rel}","templated":true}]}}