{"id":6908,"date":"2020-11-28T12:52:38","date_gmt":"2020-11-28T15:52:38","guid":{"rendered":"https:\/\/tvc16.com\/portal\/?p=6908"},"modified":"2020-11-28T12:52:41","modified_gmt":"2020-11-28T15:52:41","slug":"anvisa-recebe-pedido-para-analise-da-vacina-da-janssen-cilag","status":"publish","type":"post","link":"https:\/\/tvc16.com\/portal\/2020\/11\/28\/anvisa-recebe-pedido-para-analise-da-vacina-da-janssen-cilag\/","title":{"rendered":"Anvisa recebe pedido para an\u00e1lise da vacina da Janssen-Cilag"},"content":{"rendered":"\n<p>Ag\u00eancia tem at\u00e9 20 dias para analisar os documentos<\/p>\n\n\n\n<h4 class=\"wp-block-heading\">Por Ag\u00eancia Brasil &#8211; Bras\u00edlia<\/h4>\n\n\n\n<p>A Ag\u00eancia Nacional de Vigil\u00e2ncia Sanit\u00e1ria (Anvisa) recebeu pedido de Submiss\u00e3o Cont\u00ednua da vacina para covid-19 do laborat\u00f3rio Janssen-Cilag. A Anvisa tem at\u00e9 20 dias para analisar os documentos, contados a partir da data do protocolo.<img decoding=\"async\" src=\"https:\/\/agenciabrasil.ebc.com.br\/ebc.png?id=1394805&amp;o=node\"><img decoding=\"async\" src=\"https:\/\/agenciabrasil.ebc.com.br\/ebc.gif?id=1394805&amp;o=node\"><\/p>\n\n\n\n<p>Com a abertura do processo na sexta-feira (27), o laborat\u00f3rio enviou tamb\u00e9m o primeiro pacote referente aos dados de qualidade do produto, o AD26.COV2.S. Na submiss\u00e3o cont\u00ednua, os laborat\u00f3rios devem apresentar os pacotes de dados de qualidade e de efic\u00e1cia\/seguran\u00e7a.<\/p>\n\n\n\n<p>Este \u00e9 quarto laborat\u00f3rio a enviar dados por submiss\u00e3o cont\u00ednua para vacina covid-19. Com isso, todos os laborat\u00f3rios com pesquisa de vacinas em andamento no Brasil j\u00e1 iniciaram o envio de dados para a Anvisa.<\/p>\n\n\n\n<p>Segundo a ag\u00eancia reguladora, a submiss\u00e3o cont\u00ednua ainda n\u00e3o \u00e9 o pedido de registro da vacina. A Submiss\u00e3o \u00e9 um envio antecipado de dados j\u00e1 prontos e consolidados que ser\u00e3o necess\u00e1rios para o futuro pedido de registro.<\/p>\n\n\n\n<h2 class=\"wp-block-heading\">Vacina\u00e7\u00e3o<\/h2>\n\n\n\n<p>A ordem de vacina\u00e7\u00e3o contra a covid-19 depender\u00e1 da disponibilidade de doses a partir do tratamento que ser\u00e1 adquirido e disponibilizado pelo governo no \u00e2mbito do Sistema \u00danico de Sa\u00fade (SUS). A afirma\u00e7\u00e3o foi feita ontem (27) por representantes do Minist\u00e9rio da Sa\u00fade em entrevista coletiva na sede do \u00f3rg\u00e3o.<\/p>\n\n\n\n<p>\u201cA sequ\u00eancia de vacina\u00e7\u00e3o vai depender da disponibiliza\u00e7\u00e3o em escala da vacina para o pa\u00eds\u201d, declarou o secret\u00e1rio executivo da pasta, \u00c9lcio Franco. A \u201cescala\u201d envolve a quantidade de doses e o cronograma de aquisi\u00e7\u00e3o e consequente disponibiliza\u00e7\u00e3o.<\/p>\n\n\n\n<p>Franco acrescentou que a defini\u00e7\u00e3o dos p\u00fablicos priorit\u00e1rios ser\u00e1 feita pelo governo a partir de dois tipos de informa\u00e7\u00f5es. O primeiro envolve aqueles segmentos com maiores riscos de evoluir para um quadro grave, os chamados grupos de risco. Neste universo est\u00e3o pessoas idosas e com comorbidades.<\/p>\n\n\n\n<p>Edi\u00e7\u00e3o: Val\u00e9ria Aguiar<\/p>\n","protected":false},"excerpt":{"rendered":"<p>Ag\u00eancia tem at\u00e9 20 dias para analisar os documentos Por Ag\u00eancia Brasil &#8211; Bras\u00edlia A<\/p>\n","protected":false},"author":2,"featured_media":6909,"comment_status":"open","ping_status":"open","sticky":false,"template":"","format":"standard","meta":{"footnotes":""},"categories":[13],"tags":[],"class_list":["post-6908","post","type-post","status-publish","format-standard","has-post-thumbnail","hentry","category-saude"],"_links":{"self":[{"href":"https:\/\/tvc16.com\/portal\/wp-json\/wp\/v2\/posts\/6908","targetHints":{"allow":["GET"]}}],"collection":[{"href":"https:\/\/tvc16.com\/portal\/wp-json\/wp\/v2\/posts"}],"about":[{"href":"https:\/\/tvc16.com\/portal\/wp-json\/wp\/v2\/types\/post"}],"author":[{"embeddable":true,"href":"https:\/\/tvc16.com\/portal\/wp-json\/wp\/v2\/users\/2"}],"replies":[{"embeddable":true,"href":"https:\/\/tvc16.com\/portal\/wp-json\/wp\/v2\/comments?post=6908"}],"version-history":[{"count":1,"href":"https:\/\/tvc16.com\/portal\/wp-json\/wp\/v2\/posts\/6908\/revisions"}],"predecessor-version":[{"id":6910,"href":"https:\/\/tvc16.com\/portal\/wp-json\/wp\/v2\/posts\/6908\/revisions\/6910"}],"wp:featuredmedia":[{"embeddable":true,"href":"https:\/\/tvc16.com\/portal\/wp-json\/wp\/v2\/media\/6909"}],"wp:attachment":[{"href":"https:\/\/tvc16.com\/portal\/wp-json\/wp\/v2\/media?parent=6908"}],"wp:term":[{"taxonomy":"category","embeddable":true,"href":"https:\/\/tvc16.com\/portal\/wp-json\/wp\/v2\/categories?post=6908"},{"taxonomy":"post_tag","embeddable":true,"href":"https:\/\/tvc16.com\/portal\/wp-json\/wp\/v2\/tags?post=6908"}],"curies":[{"name":"wp","href":"https:\/\/api.w.org\/{rel}","templated":true}]}}