{"id":69112,"date":"2023-09-30T14:00:00","date_gmt":"2023-09-30T17:00:00","guid":{"rendered":"https:\/\/tvc16.com\/portal\/?p=69112"},"modified":"2023-09-29T20:00:45","modified_gmt":"2023-09-29T23:00:45","slug":"programa-estradas-agrorj-equipes-do-estado-recuperam-vias-no-bonfim-e-brejal","status":"publish","type":"post","link":"https:\/\/tvc16.com\/portal\/2023\/09\/30\/programa-estradas-agrorj-equipes-do-estado-recuperam-vias-no-bonfim-e-brejal\/","title":{"rendered":"Programa Estradas AgroRJ: equipes do Estado recuperam vias no Bonfim e Brejal"},"content":{"rendered":"\n<p><em>A pedido de Bernardo Rossi, acessos a \u00e1reas rurais recebem melhorias<\/em><\/p>\n\n\n\n<p>Equipes da Secretaria de Estado de Agricultura, Pecu\u00e1ria, Pesca e Abastecimento realizam a recupera\u00e7\u00e3o de vias de acesso a duas \u00e1reas importantes para a produ\u00e7\u00e3o rural em Petr\u00f3polis: Bonfim (Correas) e Brejal (Posse). As melhorias &#8211; realizadas dentro do Programa Estradas AgroRJ- acontecem a pedido de Bernardo Rossi, secret\u00e1rio de Estado de Governo.<\/p>\n\n\n\n<p>\u201cComo deputado, apresentei ao governador Cl\u00e1udio Castro e ao Dr. Fl\u00e1vio, secret\u00e1rio de Agricultura, a demanda dos produtores rurais. Petr\u00f3polis \u00e9 reconhecida em todo estado pela qualidade dos produtos, especialmente org\u00e2nicos. De pronto eles entenderam a import\u00e2ncia de melhorarmos as estradas vicinais para os moradores e para facilitar o escoamento da produ\u00e7\u00e3o\u201d, destaca Bernardo Rossi.<\/p>\n\n\n\n<figure class=\"wp-block-image size-large\"><img loading=\"lazy\" decoding=\"async\" width=\"1024\" height=\"576\" src=\"https:\/\/tvc16.com\/portal\/wp-content\/uploads\/2023\/09\/Estrada-2-1024x576.jpeg\" alt=\"\" class=\"wp-image-69114\" srcset=\"https:\/\/tvc16.com\/portal\/wp-content\/uploads\/2023\/09\/Estrada-2-1024x576.jpeg 1024w, https:\/\/tvc16.com\/portal\/wp-content\/uploads\/2023\/09\/Estrada-2-300x169.jpeg 300w, https:\/\/tvc16.com\/portal\/wp-content\/uploads\/2023\/09\/Estrada-2-768x432.jpeg 768w, https:\/\/tvc16.com\/portal\/wp-content\/uploads\/2023\/09\/Estrada-2-1536x864.jpeg 1536w, https:\/\/tvc16.com\/portal\/wp-content\/uploads\/2023\/09\/Estrada-2.jpeg 1600w\" sizes=\"auto, (max-width: 1024px) 100vw, 1024px\" \/><\/figure>\n\n\n\n<p>O servi\u00e7o \u00e9 realizado em duas frentes de trabalho distintas. Ser\u00e3o recuperadas as estradas de acesso \u00e0 comunidades e \u00e1reas de produ\u00e7\u00e3o rural no Bonfim, em Correas, al\u00e9m de mais de 15 quil\u00f4mentros em vias de acesso ao Brejal \u2013 regi\u00e3o da Posse. \u201cHoje as duas equipes trabalham simult\u00e2neamente: uma no Bonfim, que come\u00e7ou na semana passada, outra no Brejal, onde o servi\u00e7o j\u00e1 vinha sendo realizado e continuar\u00e1\u201d, assinala o secret\u00e1rio de Governo Bernardo Rossi.<\/p>\n\n\n\n<p>Para o secret\u00e1rio de Agricultura, Dr. Fl\u00e1vio, essa \u00e9 mais uma grande parceria entre o Governo e a Prefeitura para impulsionar o desenvolvimento agr\u00edcola da regi\u00e3o.<\/p>\n\n\n\n<figure class=\"wp-block-image size-full\"><img loading=\"lazy\" decoding=\"async\" width=\"768\" height=\"1024\" src=\"https:\/\/tvc16.com\/portal\/wp-content\/uploads\/2023\/09\/estrada-3.jpeg\" alt=\"\" class=\"wp-image-69115\" srcset=\"https:\/\/tvc16.com\/portal\/wp-content\/uploads\/2023\/09\/estrada-3.jpeg 768w, https:\/\/tvc16.com\/portal\/wp-content\/uploads\/2023\/09\/estrada-3-225x300.jpeg 225w\" sizes=\"auto, (max-width: 768px) 100vw, 768px\" \/><\/figure>\n\n\n\n<p>\u201cO nosso programa Estradas AgroRJ desempenha um papel crucial na agricultura fluminense. Al\u00e9m de facilitar o escoamento da produ\u00e7\u00e3o agr\u00edcola e na trafegabilidade dos moradores das zonas rurais, o programa \u00e9 uma garantia de crescimento e sustentabilidade do setor\u201d destaca o secret\u00e1rio.<\/p>\n\n\n\n<p>Todo planejamento e execu\u00e7\u00e3o dos servi\u00e7os vem sendo acompanhado de perto pelo Sindicato dos Produtores Rurais de Petr\u00f3polis. \u201cAgradecemos ao governador Cl\u00e1udio Castro, e aos secret\u00e1rios de Governo, Bernardo Rossi e de Agricultura, Dr. Fl\u00e1vio, pelo envio das patrulhas mecanizadas. \u00c9 important\u00edssimo pra n\u00f3s produtores que as estradas recebam melhorias para que estejam em boas condi\u00e7\u00f5es quando chegar o per\u00edodo de chuvas\u201d, explica o presidente do Sindicatos do Produtores Rurais de Petr\u00f3polis, Henrique Mesquita, que pontua ainda a redu\u00e7\u00e3o dos custos de produ\u00e7\u00e3o.<\/p>\n\n\n\n<p>\u201cS\u00e3o localidade com agricultura familiar. Recuperar as estradas usadas para escoamento da produ\u00e7\u00e3o significa diminu\u00edmos o custo de manuten\u00e7\u00e3o dos caminh\u00f5es, o que \u00e9 importante para a renda destas fam\u00edlia e tamb\u00e9m possibilita que na ponta o produto chegue ao consumidor com melhores pre\u00e7os\u201d, destaca.<\/p>\n\n\n\n<figure class=\"wp-block-image size-large\"><img loading=\"lazy\" decoding=\"async\" width=\"1024\" height=\"576\" src=\"https:\/\/tvc16.com\/portal\/wp-content\/uploads\/2023\/09\/Estrada-4-1024x576.jpeg\" alt=\"\" class=\"wp-image-69116\" srcset=\"https:\/\/tvc16.com\/portal\/wp-content\/uploads\/2023\/09\/Estrada-4-1024x576.jpeg 1024w, https:\/\/tvc16.com\/portal\/wp-content\/uploads\/2023\/09\/Estrada-4-300x169.jpeg 300w, https:\/\/tvc16.com\/portal\/wp-content\/uploads\/2023\/09\/Estrada-4-768x432.jpeg 768w, https:\/\/tvc16.com\/portal\/wp-content\/uploads\/2023\/09\/Estrada-4-1536x864.jpeg 1536w, https:\/\/tvc16.com\/portal\/wp-content\/uploads\/2023\/09\/Estrada-4.jpeg 1600w\" sizes=\"auto, (max-width: 1024px) 100vw, 1024px\" \/><\/figure>\n\n\n\n<p>Dados do Sindicato dos Produtores Rurais apontam que Petr\u00f3polis tem cerca de 800 produtores distribu\u00eddos em nove regi\u00f5es &#8211; cerca de 80 vivem na regi\u00e3o do Bonfim e de 250 na regi\u00e3o do Brejal \u2013 que \u00e9 considerada o ber\u00e7o das produ\u00e7\u00e3o de org\u00e2nicos e deu a Petr\u00f3polis em 2018, o titulo de Capital Estadual dos Produtos Org\u00e2nicos.<\/p>\n\n\n\n<p>Na regi\u00e3o rural do Bonfim os servi\u00e7os come\u00e7aram na Estrada Jos\u00e9 Justino Pimenta e seguem na semana que vem pela Estrada do Bonfim &#8211; via de acesso ao Parque Nacional da Serra dos \u00d3rg\u00e3os \u2013 Parnaso.<\/p>\n\n\n\n<p>J\u00e1 no Brejal os servi\u00e7os foram realizados nas Estradas dos Pilatos, Rio Bonito, Caboclos, Targino e Arnaldo Dickerrof \u2013 localidade conhecida como Burity &#8211; um dos principais acessos \u00e0 \u00e1rea rural. Na pr\u00f3xima semana as melhorias ser\u00e3o realizadas na Estrada do Xing\u00fa.<\/p>\n\n\n\n<p>\u201cO Estradas AgroRJ \u00e9 um programa que soma \u00e0s demais a\u00e7\u00f5es do Governo do Estado para melhorar a infraestrutura para quem vive nas \u00e1reas rurais\u201d, assinala Bernardo Rossi.<\/p>\n\n\n\n<p>Para executar os servi\u00e7os em \u00e1reas rurais de Petr\u00f3polis, as equipes do Programa Estradas AgroRJ contam com o uso de uma moto niveladoras, retroescavadeiras e caminh\u00f5es.<\/p>\n","protected":false},"excerpt":{"rendered":"<p>A pedido de Bernardo Rossi, acessos a \u00e1reas rurais recebem melhorias Equipes da Secretaria de<\/p>\n","protected":false},"author":2,"featured_media":69113,"comment_status":"open","ping_status":"open","sticky":false,"template":"","format":"standard","meta":{"footnotes":""},"categories":[12],"tags":[],"class_list":["post-69112","post","type-post","status-publish","format-standard","has-post-thumbnail","hentry","category-cidade"],"_links":{"self":[{"href":"https:\/\/tvc16.com\/portal\/wp-json\/wp\/v2\/posts\/69112","targetHints":{"allow":["GET"]}}],"collection":[{"href":"https:\/\/tvc16.com\/portal\/wp-json\/wp\/v2\/posts"}],"about":[{"href":"https:\/\/tvc16.com\/portal\/wp-json\/wp\/v2\/types\/post"}],"author":[{"embeddable":true,"href":"https:\/\/tvc16.com\/portal\/wp-json\/wp\/v2\/users\/2"}],"replies":[{"embeddable":true,"href":"https:\/\/tvc16.com\/portal\/wp-json\/wp\/v2\/comments?post=69112"}],"version-history":[{"count":1,"href":"https:\/\/tvc16.com\/portal\/wp-json\/wp\/v2\/posts\/69112\/revisions"}],"predecessor-version":[{"id":69117,"href":"https:\/\/tvc16.com\/portal\/wp-json\/wp\/v2\/posts\/69112\/revisions\/69117"}],"wp:featuredmedia":[{"embeddable":true,"href":"https:\/\/tvc16.com\/portal\/wp-json\/wp\/v2\/media\/69113"}],"wp:attachment":[{"href":"https:\/\/tvc16.com\/portal\/wp-json\/wp\/v2\/media?parent=69112"}],"wp:term":[{"taxonomy":"category","embeddable":true,"href":"https:\/\/tvc16.com\/portal\/wp-json\/wp\/v2\/categories?post=69112"},{"taxonomy":"post_tag","embeddable":true,"href":"https:\/\/tvc16.com\/portal\/wp-json\/wp\/v2\/tags?post=69112"}],"curies":[{"name":"wp","href":"https:\/\/api.w.org\/{rel}","templated":true}]}}