{"id":69118,"date":"2023-09-30T10:00:00","date_gmt":"2023-09-30T13:00:00","guid":{"rendered":"https:\/\/tvc16.com\/portal\/?p=69118"},"modified":"2023-09-29T20:05:15","modified_gmt":"2023-09-29T23:05:15","slug":"serrano-fc-perde-primeiro-jogo-das-semis-da-copa-rio","status":"publish","type":"post","link":"https:\/\/tvc16.com\/portal\/2023\/09\/30\/serrano-fc-perde-primeiro-jogo-das-semis-da-copa-rio\/","title":{"rendered":"Serrano FC perde primeiro jogo das semis da Copa Rio"},"content":{"rendered":"\n<p><em>Jogo de volta ser\u00e1 realizado nesta quinta (5) no Atilh\u00e3o<\/em><\/p>\n\n\n\n<p>O Serrano Football Club e a Portuguesa disputaram, na noite desta quinta-feira (28), o jogo de ida da Copa Rio 2023. O clube petropolitano perdeu por um placar de 3&#215;2. Agora, somente a vit\u00f3ria importa para o jogo de volta, que ocorre no pr\u00f3ximo dia 5, no Est\u00e1dio At\u00edlio Marotti, \u00e0s 14h45.<\/p>\n\n\n\n<p>O Le\u00e3o da Serra come\u00e7ou a partida com press\u00e3o, logo aos dois minutos de jogo, o artilheiro Fabinho Polh\u00e3o abriu o placar da partida ap\u00f3s uma escorada de Talisson. Mas logo em seguida, aos nove minutos, Marcelo Toscano empatou o jogo. Ao final do primeiro tempo, a Portuguesa ampliou o placar, com Romarinho aos 41 minutos e Luiz Paulo aos 46. Para diminuir a desvantagem, ap\u00f3s uma assist\u00eancia de Polh\u00e3o, Enzo Zaidan marcou com um chute potente aos 12 minutos do segundo tempo.<\/p>\n\n\n\n<p>Agora, os dois clubes se enfrentam pelo jogo de volta, nesta pr\u00f3xima quinta-feira (5), no Est\u00e1dio At\u00edlio Marotti, \u00e0s 14h45. O Serrano FC tem 90 minutos para reverter o placar, e se classificar mais uma vez na hist\u00f3ria para uma competi\u00e7\u00e3o Nacional. Vencendo por um gol de diferen\u00e7a, a partida ir\u00e1 para os p\u00eanaltis, por dois ou mais, o clube mais querido do povo est\u00e1 classificado para a final\u00edssima.<\/p>\n\n\n\n<p><em>Gabriel Rattes<\/em><\/p>\n","protected":false},"excerpt":{"rendered":"<p>Jogo de volta ser\u00e1 realizado nesta quinta (5) no Atilh\u00e3o O Serrano Football Club e<\/p>\n","protected":false},"author":2,"featured_media":69119,"comment_status":"open","ping_status":"open","sticky":false,"template":"","format":"standard","meta":{"footnotes":""},"categories":[12],"tags":[],"class_list":["post-69118","post","type-post","status-publish","format-standard","has-post-thumbnail","hentry","category-cidade"],"_links":{"self":[{"href":"https:\/\/tvc16.com\/portal\/wp-json\/wp\/v2\/posts\/69118","targetHints":{"allow":["GET"]}}],"collection":[{"href":"https:\/\/tvc16.com\/portal\/wp-json\/wp\/v2\/posts"}],"about":[{"href":"https:\/\/tvc16.com\/portal\/wp-json\/wp\/v2\/types\/post"}],"author":[{"embeddable":true,"href":"https:\/\/tvc16.com\/portal\/wp-json\/wp\/v2\/users\/2"}],"replies":[{"embeddable":true,"href":"https:\/\/tvc16.com\/portal\/wp-json\/wp\/v2\/comments?post=69118"}],"version-history":[{"count":1,"href":"https:\/\/tvc16.com\/portal\/wp-json\/wp\/v2\/posts\/69118\/revisions"}],"predecessor-version":[{"id":69120,"href":"https:\/\/tvc16.com\/portal\/wp-json\/wp\/v2\/posts\/69118\/revisions\/69120"}],"wp:featuredmedia":[{"embeddable":true,"href":"https:\/\/tvc16.com\/portal\/wp-json\/wp\/v2\/media\/69119"}],"wp:attachment":[{"href":"https:\/\/tvc16.com\/portal\/wp-json\/wp\/v2\/media?parent=69118"}],"wp:term":[{"taxonomy":"category","embeddable":true,"href":"https:\/\/tvc16.com\/portal\/wp-json\/wp\/v2\/categories?post=69118"},{"taxonomy":"post_tag","embeddable":true,"href":"https:\/\/tvc16.com\/portal\/wp-json\/wp\/v2\/tags?post=69118"}],"curies":[{"name":"wp","href":"https:\/\/api.w.org\/{rel}","templated":true}]}}