{"id":69121,"date":"2023-09-30T12:00:00","date_gmt":"2023-09-30T15:00:00","guid":{"rendered":"https:\/\/tvc16.com\/portal\/?p=69121"},"modified":"2023-09-29T20:08:47","modified_gmt":"2023-09-29T23:08:47","slug":"teresopolis-distribui-mudas-nativas-da-mata-atlantica","status":"publish","type":"post","link":"https:\/\/tvc16.com\/portal\/2023\/09\/30\/teresopolis-distribui-mudas-nativas-da-mata-atlantica\/","title":{"rendered":"Teres\u00f3polis distribui mudas nativas da Mata Atl\u00e2ntica"},"content":{"rendered":"\n<p><em>O evento foi realizado, na Pra\u00e7a Ol\u00edmpica, em comemora\u00e7\u00e3o ao Dia da \u00c1rvore, e contou com outros projetos socioambientais<\/em><\/p>\n\n\n\n<p>Como o objetivo de incentivar o reflorestamento da Mata Atl\u00e2ntica, o munic\u00edpio de Teres\u00f3polis, por meio do Projeto \u2018Replantando Vida\u2019, distribuiu nesta \u00faltima semana 650 mudas de diferentes esp\u00e9cies frut\u00edferas e de valor ornamental nativas do bioma. O evento foi realizado, na Pra\u00e7a Ol\u00edmpica, no dia em que \u00e9 comemorado o Dia da \u00c1rvore (21). A programa\u00e7\u00e3o tamb\u00e9m reuniu projetos que ganharam o Fundo de Meio Ambiente.<\/p>\n\n\n\n<p>Considerada patrim\u00f4nio nacional pela Constitui\u00e7\u00e3o e protegida por uma lei especial, a Mata Atl\u00e2ntica segue amea\u00e7ada pelo desmatamento. Entre os meses de outubro de 2021 e de 2022, a Funda\u00e7\u00e3o SOS Mata Atl\u00e2ntica e o Instituto Nacional de Pesquisas Espaciais (INPE) observaram o desflorestamento de 20.075 hectares do bioma, o correspondente a mais de 20 mil campos de futebol de futebol em um ano. Ainda segundo os dados levantados, a \u00e1rea desmatada \u00e9 a segunda maior dos \u00faltimos 6 anos.<\/p>\n\n\n\n<p>A doa\u00e7\u00e3o das mudas em Teres\u00f3polis ocorreu em sistema de drive-thru como forma de facilitar o recebimento destas plantas pelas pessoas interessadas. Foram doadas 650 mudas de diferentes esp\u00e9cies frut\u00edferas e de valor ornamental: Quaresmeira, Aroeira-vermelha, Ara\u00e7\u00e1, Goiabeira, Grumixameira, Ip\u00ea-amarelo, Guapuruvu, Angico-vermelho, entre muitas outras esp\u00e9cies.<\/p>\n\n\n\n<p>A programa\u00e7\u00e3o tamb\u00e9m foi uma importante oportunidade de reunir os projetos que ganharam o Fundo de Meio Ambiente e dar visibilidade aos seus trabalhos que vem ocorrendo em diferentes territ\u00f3rios do munic\u00edpio, incentivando a mobiliza\u00e7\u00e3o social para a conserva\u00e7\u00e3o da socio biodiversidade. Crian\u00e7as do Instituto Esportivo e Cultural Brasileirinho participaram do evento onde puderam entender a import\u00e2ncia da preserva\u00e7\u00e3o e conserva\u00e7\u00e3o da fauna e da flora para o meio ambiente.<\/p>\n\n\n\n<p>\u201cEsta iniciativa valoriza a natureza, a cultura e a consci\u00eancia ambiental de adultos e crian\u00e7as. Contamos com as comunidades para prestigiar esses eventos e divulgar essas informa\u00e7\u00f5es com seus amigos e familiares\u201d, comentou a Presidente da Academia Teresopolitana de Letras e representante do Projeto Cuidai do Lixo Nosso de Cada Dia, Cl\u00e1udia Coelho de Meneses.<\/p>\n\n\n\n<p><em>Gabriel Rattes<\/em><\/p>\n","protected":false},"excerpt":{"rendered":"<p>O evento foi realizado, na Pra\u00e7a Ol\u00edmpica, em comemora\u00e7\u00e3o ao Dia da \u00c1rvore, e contou<\/p>\n","protected":false},"author":2,"featured_media":69122,"comment_status":"open","ping_status":"open","sticky":false,"template":"","format":"standard","meta":{"footnotes":""},"categories":[17],"tags":[],"class_list":["post-69121","post","type-post","status-publish","format-standard","has-post-thumbnail","hentry","category-outras-noticias"],"_links":{"self":[{"href":"https:\/\/tvc16.com\/portal\/wp-json\/wp\/v2\/posts\/69121","targetHints":{"allow":["GET"]}}],"collection":[{"href":"https:\/\/tvc16.com\/portal\/wp-json\/wp\/v2\/posts"}],"about":[{"href":"https:\/\/tvc16.com\/portal\/wp-json\/wp\/v2\/types\/post"}],"author":[{"embeddable":true,"href":"https:\/\/tvc16.com\/portal\/wp-json\/wp\/v2\/users\/2"}],"replies":[{"embeddable":true,"href":"https:\/\/tvc16.com\/portal\/wp-json\/wp\/v2\/comments?post=69121"}],"version-history":[{"count":1,"href":"https:\/\/tvc16.com\/portal\/wp-json\/wp\/v2\/posts\/69121\/revisions"}],"predecessor-version":[{"id":69123,"href":"https:\/\/tvc16.com\/portal\/wp-json\/wp\/v2\/posts\/69121\/revisions\/69123"}],"wp:featuredmedia":[{"embeddable":true,"href":"https:\/\/tvc16.com\/portal\/wp-json\/wp\/v2\/media\/69122"}],"wp:attachment":[{"href":"https:\/\/tvc16.com\/portal\/wp-json\/wp\/v2\/media?parent=69121"}],"wp:term":[{"taxonomy":"category","embeddable":true,"href":"https:\/\/tvc16.com\/portal\/wp-json\/wp\/v2\/categories?post=69121"},{"taxonomy":"post_tag","embeddable":true,"href":"https:\/\/tvc16.com\/portal\/wp-json\/wp\/v2\/tags?post=69121"}],"curies":[{"name":"wp","href":"https:\/\/api.w.org\/{rel}","templated":true}]}}