{"id":69124,"date":"2023-10-01T07:00:00","date_gmt":"2023-10-01T10:00:00","guid":{"rendered":"https:\/\/tvc16.com\/portal\/?p=69124"},"modified":"2023-09-29T20:12:33","modified_gmt":"2023-09-29T23:12:33","slug":"camara-de-tres-rios-debate-implementacao-do-piso-da-enfermagem","status":"publish","type":"post","link":"https:\/\/tvc16.com\/portal\/2023\/10\/01\/camara-de-tres-rios-debate-implementacao-do-piso-da-enfermagem\/","title":{"rendered":"C\u00e2mara de Tr\u00eas Rios debate implementa\u00e7\u00e3o do piso da enfermagem"},"content":{"rendered":"\n<p>Na \u00faltima semana, a C\u00e2mara Municipal de Tr\u00eas Rios sediou uma audi\u00eancia p\u00fablica, para discutir o Piso Nacional da Enfermagem, no munic\u00edpio. A a\u00e7\u00e3o foi organizada pelas vereadoras Ana Clara (REDE) e Beatriz Bogossian (PSB). Na ocasi\u00e3o, os parlamentares reuniram membros do sindicato, profissionais de enfermagem, e o secret\u00e1rio de sa\u00fade, para debater poss\u00edveis modifica\u00e7\u00f5es na legisla\u00e7\u00e3o e apresentar emendas que visam melhorar o projeto de lei, a fim de atender as reivindica\u00e7\u00f5es da classe e assegurar que o piso seja cumprido de forma justa.<\/p>\n\n\n\n<p>Os vereadores presentes na audi\u00eancia asseguraram aos profissionais que ir\u00e3o sanar todas as d\u00favidas antes de votar o projeto de lei, refletindo o compromisso em encontrar uma solu\u00e7\u00e3o que atenda aos interesses da enfermagem e da comunidade em geral. Segundo os participantes, a reuni\u00e3o serviu para aprofundar o entendimento sobre o tema e buscar solu\u00e7\u00f5es adequadas para a comunidade de enfermagem e a cidade de Tr\u00eas Rios.<\/p>\n\n\n\n<p>O munic\u00edpio recebeu do Governo Federal em agosto deste ano uma verba de R$1.087.494, destinados ao pagamento do Piso Nacional da Enfermagem referentes aos meses de maio, junho, julho e agosto. De acordo com a portaria n\u00ba 1.135\/2023 as prefeituras tinham 30 dias para efetuar o repasse, ap\u00f3s o recebimento da verba.<\/p>\n\n\n\n<p><em>Leandra Lima &#8211; Estagi\u00e1ria<\/em><\/p>\n","protected":false},"excerpt":{"rendered":"<p>Na \u00faltima semana, a C\u00e2mara Municipal de Tr\u00eas Rios sediou uma audi\u00eancia p\u00fablica, para discutir<\/p>\n","protected":false},"author":2,"featured_media":69125,"comment_status":"open","ping_status":"open","sticky":false,"template":"","format":"standard","meta":{"footnotes":""},"categories":[17],"tags":[],"class_list":["post-69124","post","type-post","status-publish","format-standard","has-post-thumbnail","hentry","category-outras-noticias"],"_links":{"self":[{"href":"https:\/\/tvc16.com\/portal\/wp-json\/wp\/v2\/posts\/69124","targetHints":{"allow":["GET"]}}],"collection":[{"href":"https:\/\/tvc16.com\/portal\/wp-json\/wp\/v2\/posts"}],"about":[{"href":"https:\/\/tvc16.com\/portal\/wp-json\/wp\/v2\/types\/post"}],"author":[{"embeddable":true,"href":"https:\/\/tvc16.com\/portal\/wp-json\/wp\/v2\/users\/2"}],"replies":[{"embeddable":true,"href":"https:\/\/tvc16.com\/portal\/wp-json\/wp\/v2\/comments?post=69124"}],"version-history":[{"count":1,"href":"https:\/\/tvc16.com\/portal\/wp-json\/wp\/v2\/posts\/69124\/revisions"}],"predecessor-version":[{"id":69126,"href":"https:\/\/tvc16.com\/portal\/wp-json\/wp\/v2\/posts\/69124\/revisions\/69126"}],"wp:featuredmedia":[{"embeddable":true,"href":"https:\/\/tvc16.com\/portal\/wp-json\/wp\/v2\/media\/69125"}],"wp:attachment":[{"href":"https:\/\/tvc16.com\/portal\/wp-json\/wp\/v2\/media?parent=69124"}],"wp:term":[{"taxonomy":"category","embeddable":true,"href":"https:\/\/tvc16.com\/portal\/wp-json\/wp\/v2\/categories?post=69124"},{"taxonomy":"post_tag","embeddable":true,"href":"https:\/\/tvc16.com\/portal\/wp-json\/wp\/v2\/tags?post=69124"}],"curies":[{"name":"wp","href":"https:\/\/api.w.org\/{rel}","templated":true}]}}