{"id":69127,"date":"2023-10-01T08:00:00","date_gmt":"2023-10-01T11:00:00","guid":{"rendered":"https:\/\/tvc16.com\/portal\/?p=69127"},"modified":"2023-09-29T20:16:28","modified_gmt":"2023-09-29T23:16:28","slug":"setembro-amarelo-valorizacao-da-importancia-da-saude-mental","status":"publish","type":"post","link":"https:\/\/tvc16.com\/portal\/2023\/10\/01\/setembro-amarelo-valorizacao-da-importancia-da-saude-mental\/","title":{"rendered":"Setembro Amarelo: valoriza\u00e7\u00e3o da import\u00e2ncia da sa\u00fade mental"},"content":{"rendered":"\n<p><em>Em Petr\u00f3polis o projeto \u2018Viver \u00e9 da Hora\u2019 incentiva a ado\u00e7\u00e3o de estilo de vida saud\u00e1vel e de promo\u00e7\u00e3o da sa\u00fade mental<\/em><\/p>\n\n\n\n<p>No m\u00eas de setembro s\u00e3o ampliadas as discuss\u00f5es sobre a preven\u00e7\u00e3o ao suic\u00eddio e a import\u00e2ncia de a\u00e7\u00f5es que favore\u00e7am a preserva\u00e7\u00e3o da sa\u00fade mental. O dia 10 de setembro \u00e9 oficialmente o Dia Mundial de Preven\u00e7\u00e3o ao Suic\u00eddio, mas a iniciativa do Setembro Amarelo acontece durante o ano todo. Em Petr\u00f3polis, o projeto \u2018Viver \u00e9 da Hora\u2019, desenvolvido pelo N\u00facleo de Psicologia Escolar da Secretaria de Educa\u00e7\u00e3o, incentiva a ado\u00e7\u00e3o de estilo de vida saud\u00e1vel e de promo\u00e7\u00e3o da sa\u00fade mental.<\/p>\n\n\n\n<p>O N\u00facleo tamb\u00e9m realiza durante todo o ano outras a\u00e7\u00f5es e projetos para o cuidado da sa\u00fade mental das alunas e alunos da rede municipal. Entre eles est\u00e3o o \u2018Fala que eu te escuto\u2019, que promove por meio das rodas de conversas a escuta ativa e qualificada dos jovens, levando a reflex\u00e3o sobre o autoconhecimento e a consci\u00eancia social.<\/p>\n\n\n\n<figure class=\"wp-block-image size-large\"><img loading=\"lazy\" decoding=\"async\" width=\"768\" height=\"1024\" src=\"https:\/\/tvc16.com\/portal\/wp-content\/uploads\/2023\/09\/Setembro-Amarelo-2-Divulgacao-768x1024.jpeg\" alt=\"\" class=\"wp-image-69129\" srcset=\"https:\/\/tvc16.com\/portal\/wp-content\/uploads\/2023\/09\/Setembro-Amarelo-2-Divulgacao-768x1024.jpeg 768w, https:\/\/tvc16.com\/portal\/wp-content\/uploads\/2023\/09\/Setembro-Amarelo-2-Divulgacao-225x300.jpeg 225w, https:\/\/tvc16.com\/portal\/wp-content\/uploads\/2023\/09\/Setembro-Amarelo-2-Divulgacao-1152x1536.jpeg 1152w, https:\/\/tvc16.com\/portal\/wp-content\/uploads\/2023\/09\/Setembro-Amarelo-2-Divulgacao.jpeg 1200w\" sizes=\"auto, (max-width: 768px) 100vw, 768px\" \/><\/figure>\n\n\n\n<p>De acordo com o Anu\u00e1rio Brasileiro de Seguran\u00e7a P\u00fablica (F\u00f3rum Brasileiro de Seguran\u00e7a P\u00fablica, 2023), o n\u00famero de suic\u00eddios no Brasil cresceu 11,8% em 2022 em compara\u00e7\u00e3o com o ano anterior. E Segundo dados da Organiza\u00e7\u00e3o Mundial da Sa\u00fade (OMS), mais de 700 mil pessoas morrem por ano devido ao suic\u00eddio, o que representa uma a cada 100 mortes registradas.<\/p>\n\n\n\n<p>Nesta \u00faltima sexta-feira (28), na Escola Municipal Germano Valente, o projeto petropolitano realizou um show de talentos com estudantes da rede municipal, que marcou a programa\u00e7\u00e3o do Setembro Amarelo no munic\u00edpio. Participaram estudantes do s\u00e9timo ano do Ensino Fundamental com apresenta\u00e7\u00f5es de canto, dan\u00e7a, poesia, m\u00edmica, banda, stand-up, teatro e outras manifesta\u00e7\u00f5es art\u00edsticas.<\/p>\n\n\n\n<p>&#8220;A promo\u00e7\u00e3o do show de talentos teve como objetivo o desenvolvimento integral dos alunos e alunas, reconhecendo e valorizando a diversidade de habilidades e interesses. E eles deram um show de criatividade e divers\u00e3o&#8221;, comentou a secret\u00e1ria de Educa\u00e7\u00e3o, Adriana de Paula.<\/p>\n\n\n\n<p><em>Gabriel Rattes<\/em><\/p>\n","protected":false},"excerpt":{"rendered":"<p>Em Petr\u00f3polis o projeto \u2018Viver \u00e9 da Hora\u2019 incentiva a ado\u00e7\u00e3o de estilo de vida<\/p>\n","protected":false},"author":2,"featured_media":69128,"comment_status":"open","ping_status":"open","sticky":false,"template":"","format":"standard","meta":{"footnotes":""},"categories":[12],"tags":[],"class_list":["post-69127","post","type-post","status-publish","format-standard","has-post-thumbnail","hentry","category-cidade"],"_links":{"self":[{"href":"https:\/\/tvc16.com\/portal\/wp-json\/wp\/v2\/posts\/69127","targetHints":{"allow":["GET"]}}],"collection":[{"href":"https:\/\/tvc16.com\/portal\/wp-json\/wp\/v2\/posts"}],"about":[{"href":"https:\/\/tvc16.com\/portal\/wp-json\/wp\/v2\/types\/post"}],"author":[{"embeddable":true,"href":"https:\/\/tvc16.com\/portal\/wp-json\/wp\/v2\/users\/2"}],"replies":[{"embeddable":true,"href":"https:\/\/tvc16.com\/portal\/wp-json\/wp\/v2\/comments?post=69127"}],"version-history":[{"count":1,"href":"https:\/\/tvc16.com\/portal\/wp-json\/wp\/v2\/posts\/69127\/revisions"}],"predecessor-version":[{"id":69130,"href":"https:\/\/tvc16.com\/portal\/wp-json\/wp\/v2\/posts\/69127\/revisions\/69130"}],"wp:featuredmedia":[{"embeddable":true,"href":"https:\/\/tvc16.com\/portal\/wp-json\/wp\/v2\/media\/69128"}],"wp:attachment":[{"href":"https:\/\/tvc16.com\/portal\/wp-json\/wp\/v2\/media?parent=69127"}],"wp:term":[{"taxonomy":"category","embeddable":true,"href":"https:\/\/tvc16.com\/portal\/wp-json\/wp\/v2\/categories?post=69127"},{"taxonomy":"post_tag","embeddable":true,"href":"https:\/\/tvc16.com\/portal\/wp-json\/wp\/v2\/tags?post=69127"}],"curies":[{"name":"wp","href":"https:\/\/api.w.org\/{rel}","templated":true}]}}