{"id":69134,"date":"2023-10-01T09:00:00","date_gmt":"2023-10-01T12:00:00","guid":{"rendered":"https:\/\/tvc16.com\/portal\/?p=69134"},"modified":"2023-09-29T20:31:14","modified_gmt":"2023-09-29T23:31:14","slug":"cefet-rj-petropolis-tera-palestra-sobre-sua-historia-e-apresentacao-da-orquestra-de-camara-do-palacio-itaborai-no-proximo-dia-3","status":"publish","type":"post","link":"https:\/\/tvc16.com\/portal\/2023\/10\/01\/cefet-rj-petropolis-tera-palestra-sobre-sua-historia-e-apresentacao-da-orquestra-de-camara-do-palacio-itaborai-no-proximo-dia-3\/","title":{"rendered":"Cefet\/RJ Petr\u00f3polis ter\u00e1 palestra sobre sua hist\u00f3ria e apresenta\u00e7\u00e3o da Orquestra de C\u00e2mara do Pal\u00e1cio Itabora\u00ed no pr\u00f3ximo dia 3"},"content":{"rendered":"\n<p>Como parte das a\u00e7\u00f5es de comemora\u00e7\u00e3o pelos 15 anos da unidade do Cefet\/RJ em Petr\u00f3polis, a institui\u00e7\u00e3o promove na tarde da pr\u00f3xima ter\u00e7a-feira, dia 3 de outubro, uma palestra sobre a hist\u00f3ria da unidade e uma apresenta\u00e7\u00e3o da Orquestra de C\u00e2mara do Pal\u00e1cio Itabora\u00ed (OCPI). O evento \u00e9 gratuito e aberto ao p\u00fablico em geral.<\/p>\n\n\n\n<p>A programa\u00e7\u00e3o se inicia \u00e0s 14h no Sal\u00e3o Nobre com a palestra \u201cCefet\/RJ Uned\/campus Petr\u00f3polis: 15 anos como refer\u00eancia de qualidade\u201d, que ser\u00e1 ministrada pelo professor e primeiro diretor da unidade Paulo Bittencourt.<\/p>\n\n\n\n<p>A partir das 15h30, a Orquestra de C\u00e2mara do Pal\u00e1cio Itabor\u00e1i se apresenta, como parte da iniciativa Concertos na Escola. A atividade \u00e9 voltada sobretudo para alunos do ensino m\u00e9dio, uma vez que o projeto realiza apresenta\u00e7\u00f5es em escolas da rede p\u00fablica, buscando estimular a forma\u00e7\u00e3o art\u00edstica da plateia a partir da m\u00fasica instrumental.<\/p>\n\n\n\n<p><strong>Celebra\u00e7\u00e3o de 15 anos do Cefet\/RJ Petr\u00f3polis<\/strong><\/p>\n\n\n\n<p>O Cefet\/RJ Petr\u00f3polis foi inaugurado em 13 de setembro de 2008 como a primeira institui\u00e7\u00e3o p\u00fablica da cidade com oferta de cursos presenciais de gradua\u00e7\u00e3o e a primeira do sistema Cefet\/RJ fora da Regi\u00e3o Metropolitana do Rio.<\/p>\n\n\n\n<p>Para celebrar os 15 anos da unidade, est\u00e3o sendo organizadas o longo do segundo semestre de 2023 atividades acad\u00eamicas e art\u00edstico-culturais, al\u00e9m de a\u00e7\u00f5es nas redes sociais da institui\u00e7\u00e3o (@cefetcampuspetropolis) para rememorar e festejar o anivers\u00e1rio da unidade.<\/p>\n\n\n\n<p>Confira as redes sociais da unidade: Instagram, Facebook e YouTube.<br>O Cefet\/RJ Uned Petr\u00f3polis fica na Rua do Imperador, 971 \u2013 Centro, Petr\u00f3polis.<\/p>\n","protected":false},"excerpt":{"rendered":"<p>Como parte das a\u00e7\u00f5es de comemora\u00e7\u00e3o pelos 15 anos da unidade do Cefet\/RJ em Petr\u00f3polis,<\/p>\n","protected":false},"author":2,"featured_media":69135,"comment_status":"open","ping_status":"open","sticky":false,"template":"","format":"standard","meta":{"footnotes":""},"categories":[12],"tags":[],"class_list":["post-69134","post","type-post","status-publish","format-standard","has-post-thumbnail","hentry","category-cidade"],"_links":{"self":[{"href":"https:\/\/tvc16.com\/portal\/wp-json\/wp\/v2\/posts\/69134","targetHints":{"allow":["GET"]}}],"collection":[{"href":"https:\/\/tvc16.com\/portal\/wp-json\/wp\/v2\/posts"}],"about":[{"href":"https:\/\/tvc16.com\/portal\/wp-json\/wp\/v2\/types\/post"}],"author":[{"embeddable":true,"href":"https:\/\/tvc16.com\/portal\/wp-json\/wp\/v2\/users\/2"}],"replies":[{"embeddable":true,"href":"https:\/\/tvc16.com\/portal\/wp-json\/wp\/v2\/comments?post=69134"}],"version-history":[{"count":1,"href":"https:\/\/tvc16.com\/portal\/wp-json\/wp\/v2\/posts\/69134\/revisions"}],"predecessor-version":[{"id":69136,"href":"https:\/\/tvc16.com\/portal\/wp-json\/wp\/v2\/posts\/69134\/revisions\/69136"}],"wp:featuredmedia":[{"embeddable":true,"href":"https:\/\/tvc16.com\/portal\/wp-json\/wp\/v2\/media\/69135"}],"wp:attachment":[{"href":"https:\/\/tvc16.com\/portal\/wp-json\/wp\/v2\/media?parent=69134"}],"wp:term":[{"taxonomy":"category","embeddable":true,"href":"https:\/\/tvc16.com\/portal\/wp-json\/wp\/v2\/categories?post=69134"},{"taxonomy":"post_tag","embeddable":true,"href":"https:\/\/tvc16.com\/portal\/wp-json\/wp\/v2\/tags?post=69134"}],"curies":[{"name":"wp","href":"https:\/\/api.w.org\/{rel}","templated":true}]}}