{"id":69137,"date":"2023-10-01T15:00:00","date_gmt":"2023-10-01T18:00:00","guid":{"rendered":"https:\/\/tvc16.com\/portal\/?p=69137"},"modified":"2023-09-29T20:35:39","modified_gmt":"2023-09-29T23:35:39","slug":"cefet-petropolis-realiza-visita-pelo-predio-historico-da-instituicao","status":"publish","type":"post","link":"https:\/\/tvc16.com\/portal\/2023\/10\/01\/cefet-petropolis-realiza-visita-pelo-predio-historico-da-instituicao\/","title":{"rendered":"Cefet Petr\u00f3polis realiza visita pelo pr\u00e9dio hist\u00f3rico da institui\u00e7\u00e3o"},"content":{"rendered":"\n<p>Nesta segunda-feira (02), das 17h30 \u00e0s 18h30, o projeto de extens\u00e3o \u201cLadrilhar: percursos inclusivos pelo Cefet\/RJ Uned Petr\u00f3polis\u201d ir\u00e1 promover uma visita mediada pelo pr\u00e9dio hist\u00f3rico que abriga a institui\u00e7\u00e3o desde 2008. A atividade gratuita \u00e9 voltada aos alunos da unidade, que poder\u00e3o trazer at\u00e9 tr\u00eas convidados, e aberta tamb\u00e9m ao p\u00fablico externo.<\/p>\n\n\n\n<p>A media\u00e7\u00e3o tem a edifica\u00e7\u00e3o do Cefet\/RJ Petr\u00f3polis, onde j\u00e1 funcionou o Antigo F\u00f3rum, como objeto e espa\u00e7o para o exerc\u00edcio da interpreta\u00e7\u00e3o do patrim\u00f4nio, a partir de a\u00e7\u00f5es integradoras. A visita tamb\u00e9m busca sensibilizar o p\u00fablico para os diversos sentidos desse patrim\u00f4nio edificado e suas diferentes destina\u00e7\u00f5es relativas \u00e0 fun\u00e7\u00e3o p\u00fablica desde sua constru\u00e7\u00e3o, no final do s\u00e9culo XIX, na Primeira Rep\u00fablica.<\/p>\n\n\n\n<p>Com um roteiro que abordar\u00e1 aspectos hist\u00f3ricos, arquitet\u00f4nicos e sociais, a atividade ter\u00e1 como pontos focais a fachada, o sagu\u00e3o, o segundo pavimento e o antigo sal\u00e3o do Tribunal de J\u00fari, hoje Sal\u00e3o Nobre. A visita ser\u00e1 acompanhada de interpreta\u00e7\u00e3o em Libras com a professora Soraia Toledo. Ser\u00e1 emitido certificado aos participantes.<\/p>\n\n\n\n<p>Os interessados devem se inscrever pelo link https:\/\/bit.ly\/visita-mediada-cefetpet-2out.<\/p>\n\n\n\n<p>O Cefet\/RJ Petr\u00f3polis fica na Rua do Imperador, 971 \u2013 Centro.<\/p>\n","protected":false},"excerpt":{"rendered":"<p>Nesta segunda-feira (02), das 17h30 \u00e0s 18h30, o projeto de extens\u00e3o \u201cLadrilhar: percursos inclusivos pelo<\/p>\n","protected":false},"author":2,"featured_media":69138,"comment_status":"open","ping_status":"open","sticky":false,"template":"","format":"standard","meta":{"footnotes":""},"categories":[12],"tags":[],"class_list":["post-69137","post","type-post","status-publish","format-standard","has-post-thumbnail","hentry","category-cidade"],"_links":{"self":[{"href":"https:\/\/tvc16.com\/portal\/wp-json\/wp\/v2\/posts\/69137","targetHints":{"allow":["GET"]}}],"collection":[{"href":"https:\/\/tvc16.com\/portal\/wp-json\/wp\/v2\/posts"}],"about":[{"href":"https:\/\/tvc16.com\/portal\/wp-json\/wp\/v2\/types\/post"}],"author":[{"embeddable":true,"href":"https:\/\/tvc16.com\/portal\/wp-json\/wp\/v2\/users\/2"}],"replies":[{"embeddable":true,"href":"https:\/\/tvc16.com\/portal\/wp-json\/wp\/v2\/comments?post=69137"}],"version-history":[{"count":1,"href":"https:\/\/tvc16.com\/portal\/wp-json\/wp\/v2\/posts\/69137\/revisions"}],"predecessor-version":[{"id":69139,"href":"https:\/\/tvc16.com\/portal\/wp-json\/wp\/v2\/posts\/69137\/revisions\/69139"}],"wp:featuredmedia":[{"embeddable":true,"href":"https:\/\/tvc16.com\/portal\/wp-json\/wp\/v2\/media\/69138"}],"wp:attachment":[{"href":"https:\/\/tvc16.com\/portal\/wp-json\/wp\/v2\/media?parent=69137"}],"wp:term":[{"taxonomy":"category","embeddable":true,"href":"https:\/\/tvc16.com\/portal\/wp-json\/wp\/v2\/categories?post=69137"},{"taxonomy":"post_tag","embeddable":true,"href":"https:\/\/tvc16.com\/portal\/wp-json\/wp\/v2\/tags?post=69137"}],"curies":[{"name":"wp","href":"https:\/\/api.w.org\/{rel}","templated":true}]}}