{"id":69145,"date":"2023-09-30T08:30:00","date_gmt":"2023-09-30T11:30:00","guid":{"rendered":"https:\/\/tvc16.com\/portal\/?p=69145"},"modified":"2023-09-29T20:54:34","modified_gmt":"2023-09-29T23:54:34","slug":"claudio-castro-anuncia-plano-de-seguranca-para-o-complexo-da-mare-em-parceria-com-o-governo-federal","status":"publish","type":"post","link":"https:\/\/tvc16.com\/portal\/2023\/09\/30\/claudio-castro-anuncia-plano-de-seguranca-para-o-complexo-da-mare-em-parceria-com-o-governo-federal\/","title":{"rendered":"Cl\u00e1udio Castro anuncia plano de seguran\u00e7a para o Complexo da Mar\u00e9 em parceria com o governo federal"},"content":{"rendered":"\n<p>U<em>so da tecnologia ser\u00e1 o grande destaque na opera\u00e7\u00e3o conjunta com Minist\u00e9rio da Justi\u00e7a de Seguran\u00e7a P\u00fablica<\/em><\/p>\n\n\n\n<p>Cl\u00e1udio Castro anunciou, nesta sexta-feira (29), uma a\u00e7\u00e3o integrada com o governo federal para o Complexo da Mar\u00e9. O ponto inicial desta uni\u00e3o ser\u00e1 uma a\u00e7\u00e3o conjunta no Complexo da Mar\u00e9, que contar\u00e1 com estrat\u00e9gia com foco especial na tecnologia com o uso de drones, intelig\u00eancia artificial, reconhecimento facial e de placas, c\u00e2meras port\u00e1teis, al\u00e9m da disponibilidade de homens da For\u00e7a Nacional para atuar a qualquer instante.<\/p>\n\n\n\n<p>Castro se reuniu, no Pal\u00e1cio Guanabara, com o secret\u00e1rio-executivo do Minist\u00e9rio da Justi\u00e7a de Seguran\u00e7a P\u00fablica, Ricardo Garcia Cappelli, para alinhar a nova parceria com o governo federal no combate \u00e0 criminalidade.<\/p>\n\n\n\n<p>&#8220;Estamos preparando grandes a\u00e7\u00f5es para as \u00e1reas conflagradas. Ressalto que n\u00e3o haver\u00e1 ocupa\u00e7\u00e3o no Complexo da Mar\u00e9, mas sim opera\u00e7\u00f5es estrat\u00e9gicas e pontuais, come\u00e7ando por essa regi\u00e3o, e depois expandindo para outras localidades O grande destaque desta nova fase, em conjunto com o Governo Federal, \u00e9 o uso da tecnologia alinhado \u00e0 intelig\u00eancia e planejamento adequado. Antes mesmo do in\u00edcio das opera\u00e7\u00f5es, j\u00e1 est\u00e3o sendo monitorados traficantes que circulam na regi\u00e3o&#8221;. &#8211; afirmou Castro.<\/p>\n\n\n\n<p>O secret\u00e1rio-executivo do Minist\u00e9rio da Justi\u00e7a de Seguran\u00e7a P\u00fablica, Ricardo Cappelli, falou sobre o plano de seguran\u00e7a integrado entre as for\u00e7as federais e estaduais, al\u00e9m de destacar o trabalho harm\u00f4nico entre os entes.<\/p>\n\n\n\n<p>&#8220;Vamos apoiar o governo estadual naquilo que for necess\u00e1rio para o estado. O poder p\u00fablico precisa estar integrado e unido para combater o crime organizado, que \u00e9 um desafio de cunho nacional&#8221; &#8211; frisou.<\/p>\n\n\n\n<p>Durante a coletiva, o governo federal tamb\u00e9m confirmou que a Pol\u00edcia Rodovi\u00e1ria Federal vai patrulhar a Avenida Brasil.<\/p>\n\n\n\n<p><strong>Centro Integrado de Comando e Controle (CICC) recebe Comit\u00ea Permanente de Intelig\u00eancia<\/strong><\/p>\n\n\n\n<p>Tamb\u00e9m foi anunciado que ser\u00e1 implementado no CICC o Comit\u00ea Permanente de Intelig\u00eancia, que contar\u00e1 com a atua\u00e7\u00e3o das quatro for\u00e7as de seguran\u00e7a p\u00fablica do pa\u00eds: Pol\u00edcia Militar, Pol\u00edcia Civil, Pol\u00edcia Rodovi\u00e1ria Federal e Pol\u00edcia Federal. O novo centro ser\u00e1 usado para monitoramento, trocas de informa\u00e7\u00f5es, avalia\u00e7\u00e3o de decis\u00f5es, e defini\u00e7\u00e3o de estrat\u00e9gias com foco no combate \u00e0 criminalidade no estado.<\/p>\n\n\n\n<p><em>N\u00facleo de Comunica\u00e7\u00e3o do Estado do Rio de Janeiro<\/em><\/p>\n","protected":false},"excerpt":{"rendered":"<p>Uso da tecnologia ser\u00e1 o grande destaque na opera\u00e7\u00e3o conjunta com Minist\u00e9rio da Justi\u00e7a de<\/p>\n","protected":false},"author":2,"featured_media":69146,"comment_status":"open","ping_status":"open","sticky":false,"template":"","format":"standard","meta":{"footnotes":""},"categories":[17],"tags":[],"class_list":["post-69145","post","type-post","status-publish","format-standard","has-post-thumbnail","hentry","category-outras-noticias"],"_links":{"self":[{"href":"https:\/\/tvc16.com\/portal\/wp-json\/wp\/v2\/posts\/69145","targetHints":{"allow":["GET"]}}],"collection":[{"href":"https:\/\/tvc16.com\/portal\/wp-json\/wp\/v2\/posts"}],"about":[{"href":"https:\/\/tvc16.com\/portal\/wp-json\/wp\/v2\/types\/post"}],"author":[{"embeddable":true,"href":"https:\/\/tvc16.com\/portal\/wp-json\/wp\/v2\/users\/2"}],"replies":[{"embeddable":true,"href":"https:\/\/tvc16.com\/portal\/wp-json\/wp\/v2\/comments?post=69145"}],"version-history":[{"count":1,"href":"https:\/\/tvc16.com\/portal\/wp-json\/wp\/v2\/posts\/69145\/revisions"}],"predecessor-version":[{"id":69147,"href":"https:\/\/tvc16.com\/portal\/wp-json\/wp\/v2\/posts\/69145\/revisions\/69147"}],"wp:featuredmedia":[{"embeddable":true,"href":"https:\/\/tvc16.com\/portal\/wp-json\/wp\/v2\/media\/69146"}],"wp:attachment":[{"href":"https:\/\/tvc16.com\/portal\/wp-json\/wp\/v2\/media?parent=69145"}],"wp:term":[{"taxonomy":"category","embeddable":true,"href":"https:\/\/tvc16.com\/portal\/wp-json\/wp\/v2\/categories?post=69145"},{"taxonomy":"post_tag","embeddable":true,"href":"https:\/\/tvc16.com\/portal\/wp-json\/wp\/v2\/tags?post=69145"}],"curies":[{"name":"wp","href":"https:\/\/api.w.org\/{rel}","templated":true}]}}