{"id":69151,"date":"2023-09-30T18:00:00","date_gmt":"2023-09-30T21:00:00","guid":{"rendered":"https:\/\/tvc16.com\/portal\/?p=69151"},"modified":"2023-09-29T21:11:04","modified_gmt":"2023-09-30T00:11:04","slug":"disque-denuncia-tera-plantao-especial-neste-dia-1o-de-outubro-em-apoio-as-eleicoes-do-conselho-tutelar","status":"publish","type":"post","link":"https:\/\/tvc16.com\/portal\/2023\/09\/30\/disque-denuncia-tera-plantao-especial-neste-dia-1o-de-outubro-em-apoio-as-eleicoes-do-conselho-tutelar\/","title":{"rendered":"Disque Den\u00fancia ter\u00e1 plant\u00e3o especial neste dia 1\u00ba de Outubro em apoio \u00e0s Elei\u00e7\u00f5es do Conselho Tutelar"},"content":{"rendered":"\n<p><em>O objetivo \u00e9 receber den\u00fancias sobre irregularidades nas elei\u00e7\u00f5es<\/em><\/p>\n\n\n\n<p>O Disque Den\u00fancia ter\u00e1 hor\u00e1rio de funcionamento especial, excepcionalmente, no pr\u00f3ximo domingo, dia 1\u00ba de outubro, com um plant\u00e3o espec\u00edfico para receber den\u00fancias sobre irregularidades nas elei\u00e7\u00f5es para conselheiros tutelares.\u00a0<\/p>\n\n\n\n<p>A elei\u00e7\u00e3o dos novos conselheiros e conselheiras acontecer\u00e1 em todo o Brasil, no domingo (01), das 8h \u00e0s 17h (hor\u00e1rio de Bras\u00edlia). Ser\u00e3o novos conselheiros tutelares eleitos no Rio de Janeiro, sendo cinco tutelares e cinco suplentes escolhidos em cada Conselho Tutelar do munic\u00edpio, para o per\u00edodo de 2024 a 2027.<\/p>\n\n\n\n<p>A vota\u00e7\u00e3o ocorre a cada quatro anos, no primeiro domingo de outubro do ano seguinte ao da elei\u00e7\u00e3o presidencial.&nbsp;<\/p>\n\n\n\n<p>A popula\u00e7\u00e3o poder\u00e1 denunciar irregularidades, de forma an\u00f4nima, inclusive enviando fotos e v\u00eddeos, pelos seguintes canais: (21) 2253-1177 Telefone e WhatsApp e App \u201cDisque Den\u00fancia RJ\u201d<\/p>\n\n\n\n<p><em>Assessoria de Comunica\u00e7\u00e3o\u00a0&#8211; Disque Den\u00fancia RJ<\/em><\/p>\n","protected":false},"excerpt":{"rendered":"<p>O objetivo \u00e9 receber den\u00fancias sobre irregularidades nas elei\u00e7\u00f5es O Disque Den\u00fancia ter\u00e1 hor\u00e1rio de<\/p>\n","protected":false},"author":2,"featured_media":69152,"comment_status":"open","ping_status":"open","sticky":false,"template":"","format":"standard","meta":{"footnotes":""},"categories":[17],"tags":[],"class_list":["post-69151","post","type-post","status-publish","format-standard","has-post-thumbnail","hentry","category-outras-noticias"],"_links":{"self":[{"href":"https:\/\/tvc16.com\/portal\/wp-json\/wp\/v2\/posts\/69151","targetHints":{"allow":["GET"]}}],"collection":[{"href":"https:\/\/tvc16.com\/portal\/wp-json\/wp\/v2\/posts"}],"about":[{"href":"https:\/\/tvc16.com\/portal\/wp-json\/wp\/v2\/types\/post"}],"author":[{"embeddable":true,"href":"https:\/\/tvc16.com\/portal\/wp-json\/wp\/v2\/users\/2"}],"replies":[{"embeddable":true,"href":"https:\/\/tvc16.com\/portal\/wp-json\/wp\/v2\/comments?post=69151"}],"version-history":[{"count":1,"href":"https:\/\/tvc16.com\/portal\/wp-json\/wp\/v2\/posts\/69151\/revisions"}],"predecessor-version":[{"id":69153,"href":"https:\/\/tvc16.com\/portal\/wp-json\/wp\/v2\/posts\/69151\/revisions\/69153"}],"wp:featuredmedia":[{"embeddable":true,"href":"https:\/\/tvc16.com\/portal\/wp-json\/wp\/v2\/media\/69152"}],"wp:attachment":[{"href":"https:\/\/tvc16.com\/portal\/wp-json\/wp\/v2\/media?parent=69151"}],"wp:term":[{"taxonomy":"category","embeddable":true,"href":"https:\/\/tvc16.com\/portal\/wp-json\/wp\/v2\/categories?post=69151"},{"taxonomy":"post_tag","embeddable":true,"href":"https:\/\/tvc16.com\/portal\/wp-json\/wp\/v2\/tags?post=69151"}],"curies":[{"name":"wp","href":"https:\/\/api.w.org\/{rel}","templated":true}]}}