{"id":69157,"date":"2023-10-02T09:00:00","date_gmt":"2023-10-02T12:00:00","guid":{"rendered":"https:\/\/tvc16.com\/portal\/?p=69157"},"modified":"2023-09-29T21:28:57","modified_gmt":"2023-09-30T00:28:57","slug":"oficina-gratuita-com-oscar-calixto-no-centro-cultural-espaco-tapias-na-barra-da-tijuca","status":"publish","type":"post","link":"https:\/\/tvc16.com\/portal\/2023\/10\/02\/oficina-gratuita-com-oscar-calixto-no-centro-cultural-espaco-tapias-na-barra-da-tijuca\/","title":{"rendered":"Oficina gratuita com Oscar Calixto no Centro Cultural Espa\u00e7o T\u00e1pias, na Barra da Tijuca"},"content":{"rendered":"\n<p><em>De 6 a 8 de outubro &#8211;<\/em> <em>sexta (14h \u00e0s 17h30), s\u00e1bado e domingo (14h \u00e0s 18h)<\/em><\/p>\n\n\n\n<p>O\u00a0Centro Cultural Espa\u00e7o T\u00e1pias<strong>\u00a0<\/strong>recebe o projeto\u00a0SBAT em Cena\u00a0com a oficina\u00a0<strong>\u201c<\/strong>A escrita na dramaturgia contempor\u00e2nea<strong>\u201d,<\/strong>\u00a0ministrada pelo ator, diretor e dramaturgo<strong>\u00a0<\/strong>Oscar Calixto<strong>.<\/strong>\u00a0Com realiza\u00e7\u00e3o da Universidade Federal do Rio de Janeiro e da Sociedade Brasileira de Autores Teatrais, as aulas ter\u00e3o base te\u00f3rica, de car\u00e1ter expositivo, incluindo an\u00e1lises de estruturas da dramaturgia universal, leituras de fragmentos que exemplificam e esclarecem os t\u00f3picos abordados e base pr\u00e1tica, com exerc\u00edcios de confec\u00e7\u00e3o de pequenas cenas que ser\u00e3o lidas pelo coletivo e analisadas pelo orientador. O projeto<strong>\u00a0<\/strong>SBAT em Cena\u00a0\u00e9 uma das a\u00e7\u00f5es que est\u00e3o em pr\u00e1tica em prol da revitaliza\u00e7\u00e3o e ressignifica\u00e7\u00e3o da centen\u00e1ria sociedade de autores que foi fundada por Chiquinha Gonzaga.<\/p>\n\n\n\n<p>Oscar Calixto\u00a0possui 23 anos de uma carreira consolidada, acumulando oito pr\u00eamios como ator e seis como dramaturgo, sendo que seus textos j\u00e1 foram encenados dentro e fora do pa\u00eds. No domingo, \u00faltimo encontro da oficina, acontecer\u00e1 uma apresenta\u00e7\u00e3o da produ\u00e7\u00e3o dramat\u00fargica confeccionada pelos pr\u00f3prios participantes. Inscri\u00e7\u00f5es pelo site www.bcproducoesartisticas.com\/treinamento.<\/p>\n\n\n\n<p><strong>Sobre o Centro Cultural Espa\u00e7o T\u00e1pias<\/strong><\/p>\n\n\n\n<p>O Centro Cultural&nbsp;Espa\u00e7o&nbsp;T\u00e1pias, inaugurado em 30\/4\/2022, na Barra da Tijuca, bairro da zona oeste do Rio de Janeiro, nasce com&nbsp;o&nbsp;prop\u00f3sito de transformar vidas, dar oportunidades e realizar sonhos.&nbsp;<\/p>\n\n\n\n<p>O&nbsp;Centro&nbsp;Cultural&nbsp;disponibiliza salas para aulas e uma sala para espet\u00e1culos e outros encontros envolvendo arte \u2013 a Sala Maria Thereza&nbsp;T\u00e1pias. \u00c9 uma organiza\u00e7\u00e3o&nbsp;que tem como proposta favorecer, divulgar e oportunizar a dan\u00e7a, com foco na dan\u00e7a contempor\u00e2nea e em seus segmentos. A disposi\u00e7\u00e3o&nbsp;para incentivar a cria\u00e7\u00e3o, para promover performances, estimular talentos, e fomentar pesquisas s\u00e3o&nbsp;posturas e projetos valiosos para quem se dedica \u00e0 dan\u00e7a, e permeiam todas as a\u00e7\u00f5es do&nbsp;espa\u00e7o. Com a nova sede, contribui para&nbsp;o&nbsp;desenvolvimento e a expans\u00e3o&nbsp;da dan\u00e7a, com \u00eanfase na dan\u00e7a contempor\u00e2nea, no Brasil e no mundo.<\/p>\n","protected":false},"excerpt":{"rendered":"<p>De 6 a 8 de outubro &#8211; sexta (14h \u00e0s 17h30), s\u00e1bado e domingo (14h<\/p>\n","protected":false},"author":2,"featured_media":69158,"comment_status":"open","ping_status":"open","sticky":false,"template":"","format":"standard","meta":{"footnotes":""},"categories":[17],"tags":[],"class_list":["post-69157","post","type-post","status-publish","format-standard","has-post-thumbnail","hentry","category-outras-noticias"],"_links":{"self":[{"href":"https:\/\/tvc16.com\/portal\/wp-json\/wp\/v2\/posts\/69157","targetHints":{"allow":["GET"]}}],"collection":[{"href":"https:\/\/tvc16.com\/portal\/wp-json\/wp\/v2\/posts"}],"about":[{"href":"https:\/\/tvc16.com\/portal\/wp-json\/wp\/v2\/types\/post"}],"author":[{"embeddable":true,"href":"https:\/\/tvc16.com\/portal\/wp-json\/wp\/v2\/users\/2"}],"replies":[{"embeddable":true,"href":"https:\/\/tvc16.com\/portal\/wp-json\/wp\/v2\/comments?post=69157"}],"version-history":[{"count":1,"href":"https:\/\/tvc16.com\/portal\/wp-json\/wp\/v2\/posts\/69157\/revisions"}],"predecessor-version":[{"id":69159,"href":"https:\/\/tvc16.com\/portal\/wp-json\/wp\/v2\/posts\/69157\/revisions\/69159"}],"wp:featuredmedia":[{"embeddable":true,"href":"https:\/\/tvc16.com\/portal\/wp-json\/wp\/v2\/media\/69158"}],"wp:attachment":[{"href":"https:\/\/tvc16.com\/portal\/wp-json\/wp\/v2\/media?parent=69157"}],"wp:term":[{"taxonomy":"category","embeddable":true,"href":"https:\/\/tvc16.com\/portal\/wp-json\/wp\/v2\/categories?post=69157"},{"taxonomy":"post_tag","embeddable":true,"href":"https:\/\/tvc16.com\/portal\/wp-json\/wp\/v2\/tags?post=69157"}],"curies":[{"name":"wp","href":"https:\/\/api.w.org\/{rel}","templated":true}]}}