{"id":69163,"date":"2023-09-30T20:00:00","date_gmt":"2023-09-30T23:00:00","guid":{"rendered":"https:\/\/tvc16.com\/portal\/?p=69163"},"modified":"2023-09-29T21:39:29","modified_gmt":"2023-09-30T00:39:29","slug":"cultura-de-raiz-artistas-celebram-o-dia-mundial-da-musica-na-casa-de-cultura-de-teresopolis","status":"publish","type":"post","link":"https:\/\/tvc16.com\/portal\/2023\/09\/30\/cultura-de-raiz-artistas-celebram-o-dia-mundial-da-musica-na-casa-de-cultura-de-teresopolis\/","title":{"rendered":"Cultura de Raiz: Artistas celebram o Dia Mundial da M\u00fasica na Casa de Cultura de Teres\u00f3polis\u00a0"},"content":{"rendered":"\n<p>Neste domingo, 1\u00ba de outubro, a alegria e descontra\u00e7\u00e3o dos artistas populares&nbsp;do Cultura de Raiz&nbsp;v\u00e3o agitar&nbsp;a edi\u00e7\u00e3o especial do&nbsp;projeto&nbsp;em comemora\u00e7\u00e3o ao Dia Mundial da M\u00fasica. O local \u00e9 a&nbsp;Casa de Cultura Adolpho Bloch, em Araras. Can\u00e7\u00f5es autorais, sertanejo, MPB e moda de viola fazem parte da programa\u00e7\u00e3o, a partir das 10h, com entrada franca.<\/p>\n\n\n\n<p>Promover esta arte em todos os setores da sociedade, divulgar a diversidade musical e incentivar a partilha de experi\u00eancias s\u00e3o os objetivos da&nbsp;data, criada&nbsp;em 1975 pela organiza\u00e7\u00e3o n\u00e3o governamental&nbsp;<em>International Music Counci<\/em>l, fundada com o apoio da UNESCO.<\/p>\n\n\n\n<p><strong>Servi\u00e7o<\/strong>:<\/p>\n\n\n\n<p><strong>\u2022 Cultura de Raiz \u2013 Edi\u00e7\u00e3o Especial Dia Internacional da M\u00fasica<\/strong><\/p>\n\n\n\n<p>Dia: 1\u00ba de outubro, domingo.<\/p>\n\n\n\n<p>Hora: 10h.<\/p>\n\n\n\n<p>Local: Casa de Cultura Adolpho Bloch (Pra\u00e7a Juscelino Kubitschek, Araras).<\/p>\n\n\n\n<p>Entrada franca.<\/p>\n\n\n\n<p><em>AscomPMT<\/em> &#8211; <em>Arte: Ricardo Guarilha<\/em><\/p>\n","protected":false},"excerpt":{"rendered":"<p>Neste domingo, 1\u00ba de outubro, a alegria e descontra\u00e7\u00e3o dos artistas populares&nbsp;do Cultura de Raiz&nbsp;v\u00e3o<\/p>\n","protected":false},"author":2,"featured_media":69164,"comment_status":"open","ping_status":"open","sticky":false,"template":"","format":"standard","meta":{"footnotes":""},"categories":[17],"tags":[],"class_list":["post-69163","post","type-post","status-publish","format-standard","has-post-thumbnail","hentry","category-outras-noticias"],"_links":{"self":[{"href":"https:\/\/tvc16.com\/portal\/wp-json\/wp\/v2\/posts\/69163","targetHints":{"allow":["GET"]}}],"collection":[{"href":"https:\/\/tvc16.com\/portal\/wp-json\/wp\/v2\/posts"}],"about":[{"href":"https:\/\/tvc16.com\/portal\/wp-json\/wp\/v2\/types\/post"}],"author":[{"embeddable":true,"href":"https:\/\/tvc16.com\/portal\/wp-json\/wp\/v2\/users\/2"}],"replies":[{"embeddable":true,"href":"https:\/\/tvc16.com\/portal\/wp-json\/wp\/v2\/comments?post=69163"}],"version-history":[{"count":1,"href":"https:\/\/tvc16.com\/portal\/wp-json\/wp\/v2\/posts\/69163\/revisions"}],"predecessor-version":[{"id":69165,"href":"https:\/\/tvc16.com\/portal\/wp-json\/wp\/v2\/posts\/69163\/revisions\/69165"}],"wp:featuredmedia":[{"embeddable":true,"href":"https:\/\/tvc16.com\/portal\/wp-json\/wp\/v2\/media\/69164"}],"wp:attachment":[{"href":"https:\/\/tvc16.com\/portal\/wp-json\/wp\/v2\/media?parent=69163"}],"wp:term":[{"taxonomy":"category","embeddable":true,"href":"https:\/\/tvc16.com\/portal\/wp-json\/wp\/v2\/categories?post=69163"},{"taxonomy":"post_tag","embeddable":true,"href":"https:\/\/tvc16.com\/portal\/wp-json\/wp\/v2\/tags?post=69163"}],"curies":[{"name":"wp","href":"https:\/\/api.w.org\/{rel}","templated":true}]}}