{"id":69169,"date":"2023-09-30T09:30:00","date_gmt":"2023-09-30T12:30:00","guid":{"rendered":"https:\/\/tvc16.com\/portal\/?p=69169"},"modified":"2023-09-29T21:56:55","modified_gmt":"2023-09-30T00:56:55","slug":"debate-sobre-nova-edicao-do-livro-jung-vida-e-obra-da-psiquiatra-nise-da-silveira-sera-neste-sabado-na-casa-de-petropolis","status":"publish","type":"post","link":"https:\/\/tvc16.com\/portal\/2023\/09\/30\/debate-sobre-nova-edicao-do-livro-jung-vida-e-obra-da-psiquiatra-nise-da-silveira-sera-neste-sabado-na-casa-de-petropolis\/","title":{"rendered":"Debate sobre nova edi\u00e7\u00e3o do livro &#8220;Jung: Vida e Obra&#8221;, da psiquiatra Nise da Silveira, ser\u00e1 neste s\u00e1bado na Casa de Petr\u00f3polis"},"content":{"rendered":"\n<p><em>Originalmente publicado em 1968, livro j\u00e1 teve mais de 20 edi\u00e7\u00f5es e volta \u00e0s livrarias em 2023, com publica\u00e7\u00e3o da editora Paz e Terra<\/em><\/p>\n\n\n\n<p>Um debate sobre a nova edi\u00e7\u00e3o do livro \u201cJung: Vida e Obra\u201d, da psiquiatra Nise da Silveira, principal difusora da teoria junguiana no Brasil e que morreu em 1999, &nbsp;ser\u00e1 realizado neste s\u00e1bado (30), na Casa de Petr\u00f3polis Instituto de Cultura. Originalmente publicado em 1968, o livro j\u00e1 teve mais de 20 edi\u00e7\u00f5es e retorna \u00e0s livrarias em 2023, dez anos depois da \u00faltima publica\u00e7\u00e3o. O evento, com entrada gratuita, ser\u00e1&nbsp;\u00e0s 16h&nbsp;e est\u00e1 sujeito \u00e0 lota\u00e7\u00e3o. A partir das 15h haver\u00e1 distribui\u00e7\u00e3o de senhas.<\/p>\n\n\n\n<figure class=\"wp-block-image size-full\"><img loading=\"lazy\" decoding=\"async\" width=\"696\" height=\"713\" src=\"https:\/\/tvc16.com\/portal\/wp-content\/uploads\/2023\/09\/Walter-Boechat.png\" alt=\"Walter Boechat\" class=\"wp-image-69174\" srcset=\"https:\/\/tvc16.com\/portal\/wp-content\/uploads\/2023\/09\/Walter-Boechat.png 696w, https:\/\/tvc16.com\/portal\/wp-content\/uploads\/2023\/09\/Walter-Boechat-293x300.png 293w\" sizes=\"auto, (max-width: 696px) 100vw, 696px\" \/><\/figure>\n\n\n\n<p>O debate sobre a nova edi\u00e7\u00e3o do livro, publicado pela editora Paz e Terra, ter\u00e1 convidados renomados, como Leonardo Boff (te\u00f3logo, escritor, fil\u00f3sofo e professor), Walter Boechat (m\u00e9dico analista Junguiano, vice-presidente da Casa das Palmeiras), Vera Macedo (psic\u00f3loga Junguiana, diretora da Casa das Palmeiras) e Humberto Oliveira (m\u00e9dico analista Junguiano, diretor de Ensino da AJB). A media\u00e7\u00e3o ser\u00e1 feita por Maria Ang\u00e9lica Rocha, psic\u00f3loga Junguiana e diretora da Casa das Palmeiras.<\/p>\n\n\n\n<figure class=\"wp-block-image size-full\"><img loading=\"lazy\" decoding=\"async\" width=\"1009\" height=\"1001\" src=\"https:\/\/tvc16.com\/portal\/wp-content\/uploads\/2023\/09\/Maria-Angelica-Rocha.jpeg\" alt=\"Maria Ang\u00e9lica Rocha\" class=\"wp-image-69171\" srcset=\"https:\/\/tvc16.com\/portal\/wp-content\/uploads\/2023\/09\/Maria-Angelica-Rocha.jpeg 1009w, https:\/\/tvc16.com\/portal\/wp-content\/uploads\/2023\/09\/Maria-Angelica-Rocha-300x298.jpeg 300w, https:\/\/tvc16.com\/portal\/wp-content\/uploads\/2023\/09\/Maria-Angelica-Rocha-150x150.jpeg 150w, https:\/\/tvc16.com\/portal\/wp-content\/uploads\/2023\/09\/Maria-Angelica-Rocha-768x762.jpeg 768w\" sizes=\"auto, (max-width: 1009px) 100vw, 1009px\" \/><\/figure>\n\n\n\n<p>Carl Gustav Jung foi um&nbsp;psiquiatra e psicoterapeuta su\u00ed\u00e7o, fundador da psicologia anal\u00edtica, que desenvolveu uma teoria pr\u00f3pria sobre a natureza do inconsciente, afastando-se da abordagem de Sigmund Freud. Em&nbsp;1954, Nise da Silveira escreveu a Jung, descrevendo um ateli\u00ea terap\u00eautico no centro psiqui\u00e1trico do Rio de Janeiro, onde os pacientes expressavam-se livremente atrav\u00e9s da arte. O encontro foi o marco inicial da troca intelectual e afetiva entre os dois.<\/p>\n\n\n\n<figure class=\"wp-block-image size-large\"><img loading=\"lazy\" decoding=\"async\" width=\"1024\" height=\"684\" src=\"https:\/\/tvc16.com\/portal\/wp-content\/uploads\/2023\/09\/Humberto-Oliveira-1024x684.jpeg\" alt=\"Humberto Oliveira\" class=\"wp-image-69172\" srcset=\"https:\/\/tvc16.com\/portal\/wp-content\/uploads\/2023\/09\/Humberto-Oliveira-1024x684.jpeg 1024w, https:\/\/tvc16.com\/portal\/wp-content\/uploads\/2023\/09\/Humberto-Oliveira-300x200.jpeg 300w, https:\/\/tvc16.com\/portal\/wp-content\/uploads\/2023\/09\/Humberto-Oliveira-768x513.jpeg 768w, https:\/\/tvc16.com\/portal\/wp-content\/uploads\/2023\/09\/Humberto-Oliveira-1536x1026.jpeg 1536w, https:\/\/tvc16.com\/portal\/wp-content\/uploads\/2023\/09\/Humberto-Oliveira-900x600.jpeg 900w, https:\/\/tvc16.com\/portal\/wp-content\/uploads\/2023\/09\/Humberto-Oliveira.jpeg 1582w\" sizes=\"auto, (max-width: 1024px) 100vw, 1024px\" \/><\/figure>\n\n\n\n<p>Neste livro, Nise da Silveira apresenta os principais conceitos da psicologia anal\u00edtica, ao mesmo tempo em que narra os mais importantes acontecimentos da vida pessoal de Jung. Atrav\u00e9s de um panorama te\u00f3rico e biogr\u00e1fico, a obra se mostra como um cl\u00e1ssico fundamental para o pensamento psicanal\u00edtico no pa\u00eds.<\/p>\n\n\n\n<figure class=\"wp-block-image size-full\"><img loading=\"lazy\" decoding=\"async\" width=\"832\" height=\"1024\" src=\"https:\/\/tvc16.com\/portal\/wp-content\/uploads\/2023\/09\/Vera-Macedo.jpeg\" alt=\"Vera Macedo\" class=\"wp-image-69173\" srcset=\"https:\/\/tvc16.com\/portal\/wp-content\/uploads\/2023\/09\/Vera-Macedo.jpeg 832w, https:\/\/tvc16.com\/portal\/wp-content\/uploads\/2023\/09\/Vera-Macedo-244x300.jpeg 244w, https:\/\/tvc16.com\/portal\/wp-content\/uploads\/2023\/09\/Vera-Macedo-768x945.jpeg 768w\" sizes=\"auto, (max-width: 832px) 100vw, 832px\" \/><\/figure>\n\n\n\n<p>No dia do evento, a Casa de Petr\u00f3polis ser\u00e1 fechada \u00e0 visita\u00e7\u00e3o do p\u00fablico em geral \u00e0s 15h. O casar\u00e3o fica na Avenida Ipiranga, n\u00ba 716, no Centro. O local possui estacionamento rotativo.<\/p>\n\n\n\n<p><strong>Sobre a Casa das Palmeiras<\/strong><\/p>\n\n\n\n<p>Toda a verba arrecadada com a venda dos exemplares ser\u00e1 integralmente destinada \u00e0 Casa das Palmeiras.<\/p>\n\n\n\n<p>Fundada em 1956, a institui\u00e7\u00e3o de reabilita\u00e7\u00e3o psiqui\u00e1trica, com terapia ocupacional, n\u00e3o tem fins lucrativos e \u00e9 reconhecida de Utilidade P\u00fablica. O espa\u00e7o sobrevive por meio de doa\u00e7\u00f5es e mensalidades que ajudam a arcar com os custos de manuten\u00e7\u00e3o do local. Clientes sem condi\u00e7\u00f5es financeiras s\u00e3o atendidos gratuitamente.<\/p>\n\n\n\n<p>A institui\u00e7\u00e3o \u00e9 uma ponte para que as pessoas com transtornos ps\u00edquicos voltem \u00e0 vida na sociedade e n\u00e3o segue padr\u00f5es convencionais de psiquiatria. A casa \u00e9 um pequeno territ\u00f3rio terap\u00eautico de rela\u00e7\u00f5es humanas, conv\u00edvio afetivo, de criatividade, pesquisa e ci\u00eancia. Seu m\u00e9todo, idealizado por Nise da Silveira e enriquecido com a psicologia anal\u00edtica de C. G. Jung, traz a oportunidade para que os clientes realizem trabalhos expressivos com espontaneidade e acompanhamento terap\u00eautico, o que lhes facilita a reinser\u00e7\u00e3o social.<\/p>\n\n\n\n<p>O trabalho pioneiro da Casa das Palmeiras transcende os limites da sa\u00fade mental, promovendo a inclus\u00e3o e a valoriza\u00e7\u00e3o de cada indiv\u00edduo que busca apoio e orienta\u00e7\u00e3o. Ao adquirir uma c\u00f3pia do livro &#8220;Jung: Vida e Obra&#8221;, os leitores tamb\u00e9m contribuir\u00e3o diretamente para o progresso e manuten\u00e7\u00e3o do projeto.<\/p>\n\n\n\n<p><strong>Servi\u00e7o:<\/strong><\/p>\n\n\n\n<p>Debate sobre a nova edi\u00e7\u00e3o \u201cJung: Vida e Obra\u201d, de Nise da Silveira<br>Local: Casa de Petr\u00f3polis Instituto de Cultura<br>Endere\u00e7o: Avenida Ipiranga, n\u00ba 716, Centro<br>Data e hora: 30 de setembro, \u00e0s 16h<\/p>\n\n\n\n<p>Distribui\u00e7\u00e3o de senhas: A partir das 15h<\/p>\n\n\n\n<p>Entrada gratuita\/ sujeito \u00e0 lota\u00e7\u00e3o&nbsp;<\/p>\n\n\n\n<p>Estacionamento rotativo<\/p>\n","protected":false},"excerpt":{"rendered":"<p>Originalmente publicado em 1968, livro j\u00e1 teve mais de 20 edi\u00e7\u00f5es e volta \u00e0s livrarias<\/p>\n","protected":false},"author":2,"featured_media":69170,"comment_status":"open","ping_status":"open","sticky":false,"template":"","format":"standard","meta":{"footnotes":""},"categories":[12],"tags":[],"class_list":["post-69169","post","type-post","status-publish","format-standard","has-post-thumbnail","hentry","category-cidade"],"_links":{"self":[{"href":"https:\/\/tvc16.com\/portal\/wp-json\/wp\/v2\/posts\/69169","targetHints":{"allow":["GET"]}}],"collection":[{"href":"https:\/\/tvc16.com\/portal\/wp-json\/wp\/v2\/posts"}],"about":[{"href":"https:\/\/tvc16.com\/portal\/wp-json\/wp\/v2\/types\/post"}],"author":[{"embeddable":true,"href":"https:\/\/tvc16.com\/portal\/wp-json\/wp\/v2\/users\/2"}],"replies":[{"embeddable":true,"href":"https:\/\/tvc16.com\/portal\/wp-json\/wp\/v2\/comments?post=69169"}],"version-history":[{"count":1,"href":"https:\/\/tvc16.com\/portal\/wp-json\/wp\/v2\/posts\/69169\/revisions"}],"predecessor-version":[{"id":69175,"href":"https:\/\/tvc16.com\/portal\/wp-json\/wp\/v2\/posts\/69169\/revisions\/69175"}],"wp:featuredmedia":[{"embeddable":true,"href":"https:\/\/tvc16.com\/portal\/wp-json\/wp\/v2\/media\/69170"}],"wp:attachment":[{"href":"https:\/\/tvc16.com\/portal\/wp-json\/wp\/v2\/media?parent=69169"}],"wp:term":[{"taxonomy":"category","embeddable":true,"href":"https:\/\/tvc16.com\/portal\/wp-json\/wp\/v2\/categories?post=69169"},{"taxonomy":"post_tag","embeddable":true,"href":"https:\/\/tvc16.com\/portal\/wp-json\/wp\/v2\/tags?post=69169"}],"curies":[{"name":"wp","href":"https:\/\/api.w.org\/{rel}","templated":true}]}}