{"id":6917,"date":"2020-11-28T12:56:15","date_gmt":"2020-11-28T15:56:15","guid":{"rendered":"https:\/\/tvc16.com\/portal\/?p=6917"},"modified":"2020-11-28T12:56:17","modified_gmt":"2020-11-28T15:56:17","slug":"para-justificar-ausencia-no-domingo-eleitor-deve-baixar-e-titulo-hoje","status":"publish","type":"post","link":"https:\/\/tvc16.com\/portal\/2020\/11\/28\/para-justificar-ausencia-no-domingo-eleitor-deve-baixar-e-titulo-hoje\/","title":{"rendered":"Para justificar aus\u00eancia no domingo, eleitor deve baixar e-T\u00edtulo hoje"},"content":{"rendered":"\n<p>Cadastro no servi\u00e7o pode ser feito at\u00e9 as 23h59 deste s\u00e1bado<\/p>\n\n\n\n<h4 class=\"wp-block-heading\">Por Ag\u00eancia Brasil &#8211; Bras\u00edlia<\/h4>\n\n\n\n<p>O eleitor que estiver fora de seu domic\u00edlio eleitoral no segundo turno das elei\u00e7\u00f5es municipais, que ocorre amanh\u00e3 (29), poder\u00e1 justificar a aus\u00eancia durante o hor\u00e1rio de vota\u00e7\u00e3o, entre as 7h e as 17h, por meio do aplicativo e-T\u00edtulo, mas somente se fizer o cadastro no servi\u00e7o at\u00e9 as 23h59 deste&nbsp;s\u00e1bado&nbsp;(28).<img decoding=\"async\" src=\"https:\/\/agenciabrasil.ebc.com.br\/ebc.png?id=1394751&amp;o=node\"><img decoding=\"async\" src=\"https:\/\/agenciabrasil.ebc.com.br\/ebc.gif?id=1394751&amp;o=node\"><\/p>\n\n\n\n<p>O servi\u00e7o&nbsp;<em>online<\/em>&nbsp;tamb\u00e9m esteve dispon\u00edvel no&nbsp;domingo&nbsp;do primeiro turno (15 de novembro), mas apresentou falhas. Muitos eleitores reclamaram n\u00e3o conseguir justificar a aus\u00eancia durante o hor\u00e1rio de vota\u00e7\u00e3o. O presidente do Tribunal Superior Eleitoral (TSE), Lu\u00eds Roberto Barroso, atribuiu&nbsp;a&nbsp;<a href=\"https:\/\/agenciabrasil.ebc.com.br\/eleicoes-2020\/noticia\/2020-11\/downloads-de-ultima-hora-deixaram-e-titulo-instavel-diz-barroso\" target=\"_blank\" rel=\"noreferrer noopener\">instabilidade<\/a>&nbsp;aos cadastros de \u00faltima hora.<\/p>\n\n\n\n<p>Para o segundo turno, o TSE informou que o acesso de novos usu\u00e1rios ao aplicativo (app) ficar\u00e1 restrito ao longo de todo o&nbsp;domingo, retornando apenas na&nbsp;segunda-feira (30). O tribunal disse&nbsp;ter&nbsp;realizado na quarta-feira&nbsp;(26) \u201cnovos testes de desempenho no e-T\u00edtulo e em seus sistemas para calibrar os servi\u00e7os para o 2\u00ba turno\u201d.<\/p>\n\n\n\n<p>A justificativa pelo aplicativo no dia da elei\u00e7\u00e3o dispensa comprova\u00e7\u00e3o documental, pois o e-T\u00edtulo se vale do georreferenciamento presente nos celulares para certificar a aus\u00eancia do eleitor.<\/p>\n\n\n\n<p>Tamb\u00e9m \u00e9 poss\u00edvel justificar a aus\u00eancia pelo app depois da vota\u00e7\u00e3o, num prazo de 60 dias, mas nesse caso a Justi\u00e7a Eleitoral pede que seja anexado algum tipo de comprova\u00e7\u00e3o, como uma passagem ou uma reserva de hotel, por exemplo.<\/p>\n\n\n\n<p>De acordo com dados da Justi\u00e7a Federal, at\u00e9 agora foram processadas 1 milh\u00e3o de justificativas relativas ao primeiro turno enviadas pelo e-T\u00edtulo. Dessas, cerca de 600 mil foram feitas no&nbsp;domingo&nbsp;de vota\u00e7\u00e3o.<\/p>\n\n\n\n<p>At\u00e9 o primeiro turno, o e-T\u00edtulo havia sido baixado 16 milh\u00f5es de vezes, segundo o TSE. O Brasil tem cerca de 148 milh\u00f5es de eleitores. O&nbsp;<a href=\"https:\/\/www.tse.jus.br\/eleitor\/servicos\/aplicativo-e-titulo\" target=\"_blank\" rel=\"noreferrer noopener\">e-T\u00edtulo<\/a>&nbsp;d\u00e1 acesso tamb\u00e9m a outros servi\u00e7os projetados pela Justi\u00e7a Eleitoral para facilitar o voto. No dia da vota\u00e7\u00e3o, por exemplo, o aplicativo pode servir como documento oficial de identifica\u00e7\u00e3o para o eleitor que j\u00e1 tenha feito o cadastramento biom\u00e9trico na Justi\u00e7a Eleitoral.<\/p>\n\n\n\n<p>No dia da vota\u00e7\u00e3o, o aplicativo tamb\u00e9m permite ao eleitor checar sua se\u00e7\u00e3o eleitoral, que pode&nbsp;ter&nbsp;mudado devido a remanejamentos provocados pela pandemia do novo coronav\u00edrus (covid-19).<\/p>\n\n\n\n<p>Edi\u00e7\u00e3o: Maria Claudia<\/p>\n","protected":false},"excerpt":{"rendered":"<p>Cadastro no servi\u00e7o pode ser feito at\u00e9 as 23h59 deste s\u00e1bado Por Ag\u00eancia Brasil &#8211;<\/p>\n","protected":false},"author":2,"featured_media":6918,"comment_status":"open","ping_status":"open","sticky":false,"template":"","format":"standard","meta":{"footnotes":""},"categories":[15],"tags":[],"class_list":["post-6917","post","type-post","status-publish","format-standard","has-post-thumbnail","hentry","category-politica"],"_links":{"self":[{"href":"https:\/\/tvc16.com\/portal\/wp-json\/wp\/v2\/posts\/6917","targetHints":{"allow":["GET"]}}],"collection":[{"href":"https:\/\/tvc16.com\/portal\/wp-json\/wp\/v2\/posts"}],"about":[{"href":"https:\/\/tvc16.com\/portal\/wp-json\/wp\/v2\/types\/post"}],"author":[{"embeddable":true,"href":"https:\/\/tvc16.com\/portal\/wp-json\/wp\/v2\/users\/2"}],"replies":[{"embeddable":true,"href":"https:\/\/tvc16.com\/portal\/wp-json\/wp\/v2\/comments?post=6917"}],"version-history":[{"count":1,"href":"https:\/\/tvc16.com\/portal\/wp-json\/wp\/v2\/posts\/6917\/revisions"}],"predecessor-version":[{"id":6919,"href":"https:\/\/tvc16.com\/portal\/wp-json\/wp\/v2\/posts\/6917\/revisions\/6919"}],"wp:featuredmedia":[{"embeddable":true,"href":"https:\/\/tvc16.com\/portal\/wp-json\/wp\/v2\/media\/6918"}],"wp:attachment":[{"href":"https:\/\/tvc16.com\/portal\/wp-json\/wp\/v2\/media?parent=6917"}],"wp:term":[{"taxonomy":"category","embeddable":true,"href":"https:\/\/tvc16.com\/portal\/wp-json\/wp\/v2\/categories?post=6917"},{"taxonomy":"post_tag","embeddable":true,"href":"https:\/\/tvc16.com\/portal\/wp-json\/wp\/v2\/tags?post=6917"}],"curies":[{"name":"wp","href":"https:\/\/api.w.org\/{rel}","templated":true}]}}