{"id":69176,"date":"2023-10-01T13:00:00","date_gmt":"2023-10-01T16:00:00","guid":{"rendered":"https:\/\/tvc16.com\/portal\/?p=69176"},"modified":"2023-09-29T22:00:37","modified_gmt":"2023-09-30T01:00:37","slug":"cores-da-primavera-tomam-conta-das-vitrines-na-rua-teresa","status":"publish","type":"post","link":"https:\/\/tvc16.com\/portal\/2023\/10\/01\/cores-da-primavera-tomam-conta-das-vitrines-na-rua-teresa\/","title":{"rendered":"Cores da Primavera tomam conta das vitrines na Rua Teresa"},"content":{"rendered":"\n<p>Listras, tomara que caia, shorts e tons chamativos s\u00e3o algumas novidades da nova cole\u00e7\u00e3o Primavera 2023 que j\u00e1 ganhou destaque nas lojas da Rua Teresa, o mais famoso polo de moda de Petr\u00f3polis. H\u00e1 pe\u00e7as para todos os gostos, estilos e tamanhos, o que garante a eleg\u00e2ncia e conforto para a \u00e9poca do ano em que as temperaturas aumentam.<\/p>\n\n\n\n<p>\u201cVale a pena conferir as novidades da Rua Teresa que est\u00e1 linda e vibrante\u201d, disse a presidente da ARTE (Associa\u00e7\u00e3o da Rua Teresa), Denise Fiorini.<\/p>\n\n\n\n<p>Reconhecida pela tend\u00eancia de uma nova paleta de cores diversificada, a Primavera \u00e9 a esta\u00e7\u00e3o que prepara o consumidor para o ver\u00e3o, por isso, as lojas refor\u00e7am os estoques com tons alegres e claros como amarelo, laranja, verde, azul, vermelho e rosa.<\/p>\n\n\n\n<p>\u201cMas n\u00e3o s\u00e3o s\u00f3 esses os destaques dessa nova cole\u00e7\u00e3o. H\u00e1 quem prefira os tons neutros e as marcas t\u00eam essa preocupa\u00e7\u00e3o de oferecer os modelos novos conforme a prefer\u00eancia espec\u00edfica do seu p\u00fablico. E \u00e9 isso que faz com que a Rua Teresa seja um dos locais preferidos dos petropolitanos e visitantes que buscam novidade e qualidade nas compras\u201d, garante Denise Fiorini.<\/p>\n\n\n\n<p>Na Primavera tamb\u00e9m ganham destaque o vermelho intenso, o rosa choque e o verde-lim\u00e3o. As cores est\u00e3o presentes principalmente em vestidos longos, pe\u00e7as com flores e nos acess\u00f3rios, cheios de personalidade. Estampas geom\u00e9tricas e listras complementam o visual para quem prefere uma imagem mais leve.&nbsp;<\/p>\n\n\n\n<p><strong>Dia das Crian\u00e7as com programa\u00e7\u00e3o especial<\/strong><\/p>\n\n\n\n<p>Para comemorar o Dia das Crian\u00e7as, a ARTE est\u00e1 preparando uma programa\u00e7\u00e3o diferente com destaque para a divers\u00e3o: brincadeiras e personagens far\u00e3o parte do planejamento que ser\u00e1 divulgado no instagram oficial da rua:\u00a0@ruateresaoficialFoto: Reprodu\u00e7\u00e3o Instagram\u00a0@ruateresaoficial<\/p>\n","protected":false},"excerpt":{"rendered":"<p>Listras, tomara que caia, shorts e tons chamativos s\u00e3o algumas novidades da nova cole\u00e7\u00e3o Primavera<\/p>\n","protected":false},"author":2,"featured_media":69177,"comment_status":"open","ping_status":"open","sticky":false,"template":"","format":"standard","meta":{"footnotes":""},"categories":[12],"tags":[],"class_list":["post-69176","post","type-post","status-publish","format-standard","has-post-thumbnail","hentry","category-cidade"],"_links":{"self":[{"href":"https:\/\/tvc16.com\/portal\/wp-json\/wp\/v2\/posts\/69176","targetHints":{"allow":["GET"]}}],"collection":[{"href":"https:\/\/tvc16.com\/portal\/wp-json\/wp\/v2\/posts"}],"about":[{"href":"https:\/\/tvc16.com\/portal\/wp-json\/wp\/v2\/types\/post"}],"author":[{"embeddable":true,"href":"https:\/\/tvc16.com\/portal\/wp-json\/wp\/v2\/users\/2"}],"replies":[{"embeddable":true,"href":"https:\/\/tvc16.com\/portal\/wp-json\/wp\/v2\/comments?post=69176"}],"version-history":[{"count":1,"href":"https:\/\/tvc16.com\/portal\/wp-json\/wp\/v2\/posts\/69176\/revisions"}],"predecessor-version":[{"id":69178,"href":"https:\/\/tvc16.com\/portal\/wp-json\/wp\/v2\/posts\/69176\/revisions\/69178"}],"wp:featuredmedia":[{"embeddable":true,"href":"https:\/\/tvc16.com\/portal\/wp-json\/wp\/v2\/media\/69177"}],"wp:attachment":[{"href":"https:\/\/tvc16.com\/portal\/wp-json\/wp\/v2\/media?parent=69176"}],"wp:term":[{"taxonomy":"category","embeddable":true,"href":"https:\/\/tvc16.com\/portal\/wp-json\/wp\/v2\/categories?post=69176"},{"taxonomy":"post_tag","embeddable":true,"href":"https:\/\/tvc16.com\/portal\/wp-json\/wp\/v2\/tags?post=69176"}],"curies":[{"name":"wp","href":"https:\/\/api.w.org\/{rel}","templated":true}]}}