{"id":69191,"date":"2023-09-30T08:44:51","date_gmt":"2023-09-30T11:44:51","guid":{"rendered":"https:\/\/tvc16.com\/portal\/?p=69191"},"modified":"2023-09-30T08:44:51","modified_gmt":"2023-09-30T11:44:51","slug":"morre-geraldo-matheus-pai-da-atriz-christiane-torloni","status":"publish","type":"post","link":"https:\/\/tvc16.com\/portal\/2023\/09\/30\/morre-geraldo-matheus-pai-da-atriz-christiane-torloni\/","title":{"rendered":"Morre Geraldo Matheus, pai da atriz Christiane Torloni"},"content":{"rendered":"\n<p>Morreu na tarde desta sexta-feira (29), aos 93 anos, o ator e diretor Geraldo Matheus Torloni, casado h\u00e1 65 anos com Monah Delacy e pai da atriz Christiane Torloni. Ele estava internado no Hospital Unimed-Rio, na zona Oeste do Rio de Janeiro desde o dia 10 deste m\u00eas e a causa foi morte natural.<\/p>\n\n\n\n<p>O vel\u00f3rio e o enterro de Geraldo Matheus Torloni acontecem neste s\u00e1bado (30), no Rio de Janeiro com cerim\u00f4nia reservada para a fam\u00edlia e amigos.<\/p>\n\n\n\n<p>Christiane Torloni usou suas redes sociais para de despedir. \u201cDespe\u00e7o-me do meu amado pai, Geraldo Matheus, grata pela linda jornada que trilhamos juntos. Grata pela Arte, \u00c9tica e Amor com que ele me aben\u00e7oou. E como diz Oscar Wilde: \u2018O mist\u00e9rio do Amor \u00e9 maior do que o mist\u00e9rio da Morte\u2019.\u201d<\/p>\n\n\n\n<p>Al\u00e9m de ator e diretor, Geraldo foi produtor, administrador teatral e autor. Fez parte da primeira turma de alunos da Escola de Arte Dram\u00e1tica de S\u00e3o Paulo, em 1948, ao lado de Monah Delacy, com quem se casou em 1954. Foi diretor do Theatro Municipal do Rio de Janeiro e do antigo Teatro Bloch, ambos no Rio de Janeiro.<\/p>\n\n\n\n<p>Geraldo deixa a mulher, Monah Delacy, dois filhos, Christiane e M\u00e1rcio Torloni, um neto, Leonardo Carvalho e um bisneto, Lucca Carvalho.<\/p>\n\n\n\n<p>A fam\u00edlia residiu em Petr\u00f3polis por longo per\u00edodo, onde Monah Delacy chegou a dar aulas de arte dram\u00e1tica. Al\u00e9m disso, tiveram participa\u00e7\u00f5es na cena teatral petropolitana.<\/p>\n","protected":false},"excerpt":{"rendered":"<p>Morreu na tarde desta sexta-feira (29), aos 93 anos, o ator e diretor Geraldo Matheus<\/p>\n","protected":false},"author":2,"featured_media":69192,"comment_status":"open","ping_status":"open","sticky":false,"template":"","format":"standard","meta":{"footnotes":""},"categories":[12],"tags":[],"class_list":["post-69191","post","type-post","status-publish","format-standard","has-post-thumbnail","hentry","category-cidade"],"_links":{"self":[{"href":"https:\/\/tvc16.com\/portal\/wp-json\/wp\/v2\/posts\/69191","targetHints":{"allow":["GET"]}}],"collection":[{"href":"https:\/\/tvc16.com\/portal\/wp-json\/wp\/v2\/posts"}],"about":[{"href":"https:\/\/tvc16.com\/portal\/wp-json\/wp\/v2\/types\/post"}],"author":[{"embeddable":true,"href":"https:\/\/tvc16.com\/portal\/wp-json\/wp\/v2\/users\/2"}],"replies":[{"embeddable":true,"href":"https:\/\/tvc16.com\/portal\/wp-json\/wp\/v2\/comments?post=69191"}],"version-history":[{"count":1,"href":"https:\/\/tvc16.com\/portal\/wp-json\/wp\/v2\/posts\/69191\/revisions"}],"predecessor-version":[{"id":69193,"href":"https:\/\/tvc16.com\/portal\/wp-json\/wp\/v2\/posts\/69191\/revisions\/69193"}],"wp:featuredmedia":[{"embeddable":true,"href":"https:\/\/tvc16.com\/portal\/wp-json\/wp\/v2\/media\/69192"}],"wp:attachment":[{"href":"https:\/\/tvc16.com\/portal\/wp-json\/wp\/v2\/media?parent=69191"}],"wp:term":[{"taxonomy":"category","embeddable":true,"href":"https:\/\/tvc16.com\/portal\/wp-json\/wp\/v2\/categories?post=69191"},{"taxonomy":"post_tag","embeddable":true,"href":"https:\/\/tvc16.com\/portal\/wp-json\/wp\/v2\/tags?post=69191"}],"curies":[{"name":"wp","href":"https:\/\/api.w.org\/{rel}","templated":true}]}}