{"id":69194,"date":"2023-09-30T21:00:00","date_gmt":"2023-10-01T00:00:00","guid":{"rendered":"https:\/\/tvc16.com\/portal\/?p=69194"},"modified":"2023-09-30T10:44:29","modified_gmt":"2023-09-30T13:44:29","slug":"empresario-antoane-correa-fala-sobre-resultados-e-sustentabilidade-no-varejo-durante-o-forum-rio-empreendedor-2023-inovacao-oportunidades","status":"publish","type":"post","link":"https:\/\/tvc16.com\/portal\/2023\/09\/30\/empresario-antoane-correa-fala-sobre-resultados-e-sustentabilidade-no-varejo-durante-o-forum-rio-empreendedor-2023-inovacao-oportunidades\/","title":{"rendered":"Empres\u00e1rio Antoane Correa fala sobre resultados e sustentabilidade no varejo durante o F\u00f3rum Rio Empreendedor 2023: Inova\u00e7\u00e3o &#038; Oportunidades"},"content":{"rendered":"\n<p>Diretor-presidente do Armaz\u00e9m do Gr\u00e3o foi um dos convidados do Painel Ind\u00fastria do Varejo no evento promovido pela ACRJ<\/p>\n\n\n\n<p>O diretor-presidente da rede de supermercados Armaz\u00e9m do Gr\u00e3o, empres\u00e1rio Antoane Correa, foi um dos convidados do Painel Ind\u00fastria do Varejo, um dos 24 pain\u00e9is do F\u00f3rum Rio Empreendedor 2023: Inova\u00e7\u00e3o &amp; Oportunidades, promovido pela Associa\u00e7\u00e3o Comercial do Rio de Janeiro (ACRJ) na \u00faltima quinta (28) e sexta (29), no Rio de Janeiro.<\/p>\n\n\n\n<p>Mediado por Ricardo Guin\u00e2ncio (ACRJ), o painel Ind\u00fastria do Varejo contou tamb\u00e9m com as participa\u00e7\u00f5es dos empres\u00e1rios Armando Ahmed, diretor-presidente da Drogaria Ven\u00e2ncio; Leonardo Coelho, CEO da Lojas Americanas; Thiago Mattos, vice-presidente da Rede Supermarket e de Omar Resende Peres, que entre outros neg\u00f3cios \u00e9 propriet\u00e1rio da rede de restaurantes La Fiorentina.<\/p>\n\n\n\n<p>Em sua apresenta\u00e7\u00e3o, Antoane Corr\u00eaa falou sobre a import\u00e2ncia de se trabalhar por um ecossistema sustent\u00e1vel nas empresas.<\/p>\n\n\n\n<p>\u201cNo Armaz\u00e9m do Gr\u00e3o focamos no colaborador, depois no fornecedor, depois no cliente, depois na sociedade e, por \u00faltimo, no acionista. Por isso, olhando para as novas gera\u00e7\u00f5es e suas necessidades de consumo, criamos a nossa Universidade Corporativa. Acreditamos que para expandir, para crescer, precisamos ensinar, educar, multiplicar conhecimento. Quando oferecemos mais que um emprego, mas uma oportunidade de Plano de Carreira, voc\u00ea muda a vida de uma pessoa. Assim, nossos colaboradores se tornam f\u00e3s da rede, n\u00f3s criamos musculatura, primeiro pelo desenvolvimento e capacita\u00e7\u00e3o das pessoas, segundo para o plano de expans\u00e3o da empresa cres\u00e7a de forma mais org\u00e2nica\u201d, declarou.<\/p>\n\n\n\n<p>O empres\u00e1rio ressaltou tamb\u00e9m a import\u00e2ncia de se fazer uma boa negocia\u00e7\u00e3o e de se ter um bom relacionamento com os fornecedores, porque isso cria um melhor impacto log\u00edstico e resultados para a empresa e clientes.<\/p>\n\n\n\n<p>\u201cCriando um bom relacionamento com fornecedores, fazendo boas negocia\u00e7\u00f5es, usando tecnologias, conseguimos um dead line perfeito para a chegada dos produtos. Desta forma, conseguimos ter um caixa equilibrado, uma opera\u00e7\u00e3o equilibrada, e oferecer aos clientes uma atmosfera controlada: loja limpa, equilibrada, equipe satisfeita e se desenvolvendo, inova\u00e7\u00e3o, e garantia de que o cliente vai encontrar sempre o que procura. Se hoje a sociedade enxergar a sua marca como uma empresa que n\u00e3o est\u00e1 alinhada com o presente e projetada para o futuro, certamente ela vai perder a conex\u00e3o com essa empresa. Ai n\u00e3o vai adiantar fazer ofertas, baixar pre\u00e7os, fazer m\u00eddia, porque n\u00e3o vai vender e o neg\u00f3cio certamente vai quebrar. A sustentabilidade do ecossistema, cria respeito, credibilidade e gera resultados\u201d, declarou Antoane Corr\u00eaa.<\/p>\n\n\n\n<p>O F\u00f3rum Rio Empreendedor 2023: Inova\u00e7\u00e3o &amp; Oportunidades apresentou talk shows, ambientes imersivos e interativos e programa\u00e7\u00e3o cultural focados em oportunidades de neg\u00f3cios, empreendedorismo e inova\u00e7\u00e3o. Al\u00e9m disso, reuniu mais de 100 convidados, entre representantes do setor produtivo e do poder p\u00fablico para debater o Rio de Janeiro como um ambiente para a atra\u00e7\u00e3o de novos neg\u00f3cios. Entre os temas discutidos no F\u00f3rum, a ind\u00fastria da sa\u00fade, economia circular, economia das favelas e comunidades, pol\u00edtica ESG, cultura, educa\u00e7\u00e3o, moda, mundo digital, Centro do Rio, infraestrutura e seguran\u00e7a p\u00fablica.<\/p>\n\n\n\n<p>De acordo com o presidente da ACRJ, Josier Vilar, o resultado do F\u00f3rum vai gerar a \u201cCarta do Rio\u201d, um conjunto de propostas da associa\u00e7\u00e3o para a melhoria do ambiente de neg\u00f3cios em seguran\u00e7a, mobilidade, inova\u00e7\u00e3o, educa\u00e7\u00e3o, cultura e outras \u00e1reas., cultura e outras \u00e1reas.<\/p>\n\n\n\n<p><em>Foto: Divulga\u00e7\u00e3o ACRJ\/ Adolfo Castro<\/em><\/p>\n","protected":false},"excerpt":{"rendered":"<p>Diretor-presidente do Armaz\u00e9m do Gr\u00e3o foi um dos convidados do Painel Ind\u00fastria do Varejo no<\/p>\n","protected":false},"author":2,"featured_media":69196,"comment_status":"open","ping_status":"open","sticky":false,"template":"","format":"standard","meta":{"footnotes":""},"categories":[12],"tags":[],"class_list":["post-69194","post","type-post","status-publish","format-standard","has-post-thumbnail","hentry","category-cidade"],"_links":{"self":[{"href":"https:\/\/tvc16.com\/portal\/wp-json\/wp\/v2\/posts\/69194","targetHints":{"allow":["GET"]}}],"collection":[{"href":"https:\/\/tvc16.com\/portal\/wp-json\/wp\/v2\/posts"}],"about":[{"href":"https:\/\/tvc16.com\/portal\/wp-json\/wp\/v2\/types\/post"}],"author":[{"embeddable":true,"href":"https:\/\/tvc16.com\/portal\/wp-json\/wp\/v2\/users\/2"}],"replies":[{"embeddable":true,"href":"https:\/\/tvc16.com\/portal\/wp-json\/wp\/v2\/comments?post=69194"}],"version-history":[{"count":1,"href":"https:\/\/tvc16.com\/portal\/wp-json\/wp\/v2\/posts\/69194\/revisions"}],"predecessor-version":[{"id":69197,"href":"https:\/\/tvc16.com\/portal\/wp-json\/wp\/v2\/posts\/69194\/revisions\/69197"}],"wp:featuredmedia":[{"embeddable":true,"href":"https:\/\/tvc16.com\/portal\/wp-json\/wp\/v2\/media\/69196"}],"wp:attachment":[{"href":"https:\/\/tvc16.com\/portal\/wp-json\/wp\/v2\/media?parent=69194"}],"wp:term":[{"taxonomy":"category","embeddable":true,"href":"https:\/\/tvc16.com\/portal\/wp-json\/wp\/v2\/categories?post=69194"},{"taxonomy":"post_tag","embeddable":true,"href":"https:\/\/tvc16.com\/portal\/wp-json\/wp\/v2\/tags?post=69194"}],"curies":[{"name":"wp","href":"https:\/\/api.w.org\/{rel}","templated":true}]}}