{"id":69198,"date":"2023-10-01T11:30:00","date_gmt":"2023-10-01T14:30:00","guid":{"rendered":"https:\/\/tvc16.com\/portal\/?p=69198"},"modified":"2023-09-30T10:49:55","modified_gmt":"2023-09-30T13:49:55","slug":"coletiva-feminista-popular-visita-casa-de-cultura-afro-serra-e-entrega-carta-de-apoio-ao-reconhecimento-como-ponto-de-cultura","status":"publish","type":"post","link":"https:\/\/tvc16.com\/portal\/2023\/10\/01\/coletiva-feminista-popular-visita-casa-de-cultura-afro-serra-e-entrega-carta-de-apoio-ao-reconhecimento-como-ponto-de-cultura\/","title":{"rendered":"Coletiva Feminista Popular visita Casa de Cultura Afro Serra e entrega carta de apoio ao reconhecimento como ponto de cultura"},"content":{"rendered":"\n<p>No dia 29 de setembro, Monica Valverde, presidente do Afro Serra, recebeu na Casa de Cultura Afro Serra, a Vereadora Julia Casasmasso e Cris Moura.<\/p>\n\n\n\n<p>As representantes da comitiva, vieram entregar pessoalmente uma carta de apoio ao reconhecimento do local como Ponto de Cultura.<\/p>\n\n\n\n<p>A casa \u00e9 a \u00fanica, n\u00e3o religiosa, que trabalha com cultura afro brasileira em Petr\u00f3polis, promovendo a\u00e7\u00f5es tais como: oficinas e viv\u00eancias de Jongo, reconhecido pelo Iphan como Patrimonio Cultural Imaterial Brasileiro.<\/p>\n\n\n\n<figure class=\"wp-block-image size-large\"><img loading=\"lazy\" decoding=\"async\" width=\"1024\" height=\"461\" src=\"https:\/\/tvc16.com\/portal\/wp-content\/uploads\/2023\/09\/Afro-Serra-2-1024x461.jpeg\" alt=\"\" class=\"wp-image-69200\" srcset=\"https:\/\/tvc16.com\/portal\/wp-content\/uploads\/2023\/09\/Afro-Serra-2-1024x461.jpeg 1024w, https:\/\/tvc16.com\/portal\/wp-content\/uploads\/2023\/09\/Afro-Serra-2-300x135.jpeg 300w, https:\/\/tvc16.com\/portal\/wp-content\/uploads\/2023\/09\/Afro-Serra-2-768x346.jpeg 768w, https:\/\/tvc16.com\/portal\/wp-content\/uploads\/2023\/09\/Afro-Serra-2-1536x691.jpeg 1536w, https:\/\/tvc16.com\/portal\/wp-content\/uploads\/2023\/09\/Afro-Serra-2.jpeg 1600w\" sizes=\"auto, (max-width: 1024px) 100vw, 1024px\" \/><\/figure>\n\n\n\n<p>O grupo recebe no local escolas p\u00fablicas, privadas e p\u00fablico em geral, realiza exposi\u00e7\u00f5es e diversas atividades para fortalecimento da cultura preta na cidade.<\/p>\n\n\n\n<p>No dia ocorreu uma visita guiada e roda de convesa sobre os 10 anos de funda\u00e7\u00e3o do grupo.<\/p>\n\n\n\n<p>Agradecemos a visita da Coletiva Feminista Popular e fortalecimento da luta contra o racismo e preconteitos na cidade.<\/p>\n","protected":false},"excerpt":{"rendered":"<p>No dia 29 de setembro, Monica Valverde, presidente do Afro Serra, recebeu na Casa de<\/p>\n","protected":false},"author":2,"featured_media":69199,"comment_status":"open","ping_status":"open","sticky":false,"template":"","format":"standard","meta":{"footnotes":""},"categories":[12],"tags":[],"class_list":["post-69198","post","type-post","status-publish","format-standard","has-post-thumbnail","hentry","category-cidade"],"_links":{"self":[{"href":"https:\/\/tvc16.com\/portal\/wp-json\/wp\/v2\/posts\/69198","targetHints":{"allow":["GET"]}}],"collection":[{"href":"https:\/\/tvc16.com\/portal\/wp-json\/wp\/v2\/posts"}],"about":[{"href":"https:\/\/tvc16.com\/portal\/wp-json\/wp\/v2\/types\/post"}],"author":[{"embeddable":true,"href":"https:\/\/tvc16.com\/portal\/wp-json\/wp\/v2\/users\/2"}],"replies":[{"embeddable":true,"href":"https:\/\/tvc16.com\/portal\/wp-json\/wp\/v2\/comments?post=69198"}],"version-history":[{"count":1,"href":"https:\/\/tvc16.com\/portal\/wp-json\/wp\/v2\/posts\/69198\/revisions"}],"predecessor-version":[{"id":69201,"href":"https:\/\/tvc16.com\/portal\/wp-json\/wp\/v2\/posts\/69198\/revisions\/69201"}],"wp:featuredmedia":[{"embeddable":true,"href":"https:\/\/tvc16.com\/portal\/wp-json\/wp\/v2\/media\/69199"}],"wp:attachment":[{"href":"https:\/\/tvc16.com\/portal\/wp-json\/wp\/v2\/media?parent=69198"}],"wp:term":[{"taxonomy":"category","embeddable":true,"href":"https:\/\/tvc16.com\/portal\/wp-json\/wp\/v2\/categories?post=69198"},{"taxonomy":"post_tag","embeddable":true,"href":"https:\/\/tvc16.com\/portal\/wp-json\/wp\/v2\/tags?post=69198"}],"curies":[{"name":"wp","href":"https:\/\/api.w.org\/{rel}","templated":true}]}}