{"id":6920,"date":"2020-11-28T12:58:26","date_gmt":"2020-11-28T15:58:26","guid":{"rendered":"https:\/\/tvc16.com\/portal\/?p=6920"},"modified":"2020-11-28T12:58:28","modified_gmt":"2020-11-28T15:58:28","slug":"dolar-termina-dia-com-leve-queda-e-acumula-recuo-de-72-em-novembro","status":"publish","type":"post","link":"https:\/\/tvc16.com\/portal\/2020\/11\/28\/dolar-termina-dia-com-leve-queda-e-acumula-recuo-de-72-em-novembro\/","title":{"rendered":"D\u00f3lar termina dia com leve queda e acumula recuo de 7,2% em novembro"},"content":{"rendered":"\n<p>Bolsa teve alta nesta sexta e subiu 17,7% no m\u00eas<\/p>\n\n\n\n<h4 class=\"wp-block-heading\">Por Wellton M\u00e1ximo \u2013 Rep\u00f3rter da Ag\u00eancia Brasil* &#8211; Bras\u00edlia<\/h4>\n\n\n\n<p>Em um dia de vaiv\u00e9m no mercado, o d\u00f3lar encerrou esta sexta-feira (27) com pequeno recuo e acumula recuo de mais de 7% em novembro. A bolsa de valores&nbsp; tamb\u00e9m alternou altas e baixas, mas fechou o dia com leve alta e registra ganho de quase 18% no m\u00eas.<br><br>O d\u00f3lar comercial fechou o dia vendido a R$ 5,326, com recuo de R$ 0,01 (-0,18%). A cota\u00e7\u00e3o operou em alta ao longo de boa parte da sess\u00e3o, chegando a R$ 5,37 por volta das 11h, mas n\u00e3o sustentou a valoriza\u00e7\u00e3o ao longo da tarde at\u00e9 fechar pr\u00f3xima da estabilidade.<br><br>A divisa fechou a semana com recuo de 1,13%. Esta foi a segunda semana consecutiva de retra\u00e7\u00e3o do d\u00f3lar, que acumula queda de 7,2% em novembro. Em 2020, a moeda subiu 32,72%.<br><br>No mercado de a\u00e7\u00f5es, o \u00edndice Ibovespa, da B3, encerrou o dia aos 110.575 pontos, com alta de 0,32%. O indicador chegou a subir 1,25% perto das 13h, mas recuou durante a tarde at\u00e9 terminar pr\u00f3ximo da estabilidade.<br><br>Com ganhos h\u00e1 quatro semanas seguidas, a bolsa subiu 4,28% nesta semana e acumula alta de 17,7% em novembro. Se fechar com estabilidade na pr\u00f3xima segunda-feira (30), o Ibovespa ter\u00e1 o melhor desempenho mensal desde outubro de 2002. Em volta a n\u00edveis anteriores ao in\u00edcio da pandemia de covid-19, o \u00edndice acumula queda de 4,38% no ano.<br><br>Nesta sexta-feira, o mercado foi influenciado por fatores externos. Al\u00e9m de progressos recentes no desenvolvimento de vacinas para a covid-19, os investidores reagiram a sinais de retomada na economia chinesa e a expectativa de que o governo de Joe Biden injete d\u00f3lares na economia global.<br><br>Mais otimismo nas economias avan\u00e7adas aumenta a disposi\u00e7\u00e3o dos investidores em aplicarem em pa\u00edses emergentes, como o Brasil. No maior n\u00edvel desde o in\u00edcio de mar\u00e7o, os pre\u00e7os das<em>&nbsp;commodities&nbsp;<\/em>(bens prim\u00e1rios com cota\u00e7\u00e3o internacional) tamb\u00e9m beneficia a economia brasileira, ao melhorar os termos de troca do pa\u00eds com o exterior.<br><br><em>*Com informa\u00e7\u00f5es da Reuters<\/em><img decoding=\"async\" src=\"https:\/\/agenciabrasil.ebc.com.br\/ebc.png?id=1394786&amp;o=node\"><img decoding=\"async\" src=\"https:\/\/agenciabrasil.ebc.com.br\/ebc.gif?id=1394786&amp;o=node\"><\/p>\n\n\n\n<p>Edi\u00e7\u00e3o: N\u00e1dia Franco<\/p>\n","protected":false},"excerpt":{"rendered":"<p>Bolsa teve alta nesta sexta e subiu 17,7% no m\u00eas Por Wellton M\u00e1ximo \u2013 Rep\u00f3rter<\/p>\n","protected":false},"author":2,"featured_media":6921,"comment_status":"open","ping_status":"open","sticky":false,"template":"","format":"standard","meta":{"footnotes":""},"categories":[18],"tags":[],"class_list":["post-6920","post","type-post","status-publish","format-standard","has-post-thumbnail","hentry","category-economia"],"_links":{"self":[{"href":"https:\/\/tvc16.com\/portal\/wp-json\/wp\/v2\/posts\/6920","targetHints":{"allow":["GET"]}}],"collection":[{"href":"https:\/\/tvc16.com\/portal\/wp-json\/wp\/v2\/posts"}],"about":[{"href":"https:\/\/tvc16.com\/portal\/wp-json\/wp\/v2\/types\/post"}],"author":[{"embeddable":true,"href":"https:\/\/tvc16.com\/portal\/wp-json\/wp\/v2\/users\/2"}],"replies":[{"embeddable":true,"href":"https:\/\/tvc16.com\/portal\/wp-json\/wp\/v2\/comments?post=6920"}],"version-history":[{"count":1,"href":"https:\/\/tvc16.com\/portal\/wp-json\/wp\/v2\/posts\/6920\/revisions"}],"predecessor-version":[{"id":6922,"href":"https:\/\/tvc16.com\/portal\/wp-json\/wp\/v2\/posts\/6920\/revisions\/6922"}],"wp:featuredmedia":[{"embeddable":true,"href":"https:\/\/tvc16.com\/portal\/wp-json\/wp\/v2\/media\/6921"}],"wp:attachment":[{"href":"https:\/\/tvc16.com\/portal\/wp-json\/wp\/v2\/media?parent=6920"}],"wp:term":[{"taxonomy":"category","embeddable":true,"href":"https:\/\/tvc16.com\/portal\/wp-json\/wp\/v2\/categories?post=6920"},{"taxonomy":"post_tag","embeddable":true,"href":"https:\/\/tvc16.com\/portal\/wp-json\/wp\/v2\/tags?post=6920"}],"curies":[{"name":"wp","href":"https:\/\/api.w.org\/{rel}","templated":true}]}}