{"id":69202,"date":"2023-10-02T07:00:00","date_gmt":"2023-10-02T10:00:00","guid":{"rendered":"https:\/\/tvc16.com\/portal\/?p=69202"},"modified":"2023-09-30T11:11:01","modified_gmt":"2023-09-30T14:11:01","slug":"petropolis-business-2023-tera-palestras-com-profissionais-renomados","status":"publish","type":"post","link":"https:\/\/tvc16.com\/portal\/2023\/10\/02\/petropolis-business-2023-tera-palestras-com-profissionais-renomados\/","title":{"rendered":"Petr\u00f3polis Business 2023 ter\u00e1 palestras com profissionais renomados"},"content":{"rendered":"\n<p><strong><em>Participa\u00e7\u00e3o de executivos da Embraer e XP Investimentos \u00e9 um dos destaques do evento<\/em><\/strong><\/p>\n\n\n\n<p>Executivos de duas das mais destacadas empresas do cen\u00e1rio nacional, a Embraer e a XP Investimentos, est\u00e3o escalados para participa\u00e7\u00f5es especiais no Petr\u00f3polis Business 2023, o maior evento de neg\u00f3cios do interior fluminense, entre os dias 26 e 29 de outubro, no Centro Cultural Sesc Quitandinha. O Vice-Presidente Executivo de Opera\u00e7\u00f5es da Embraer, Luis Marinho, far\u00e1 a palestra de abertura, dia 26, apresentando \u201cO case de sucesso da Embraer\u201d. No dia seguinte, ser\u00e1 a vez de Caio Megale, Economista-Chefe da XP Investimentos, falando sobre \u201cPerspectivas da economia brasileira em 2024\u201d.<\/p>\n\n\n\n<figure class=\"wp-block-image size-full\"><img loading=\"lazy\" decoding=\"async\" width=\"743\" height=\"743\" src=\"https:\/\/tvc16.com\/portal\/wp-content\/uploads\/2023\/09\/Luis-Marinho-Divulgacao.jpeg\" alt=\"\" class=\"wp-image-69203\" srcset=\"https:\/\/tvc16.com\/portal\/wp-content\/uploads\/2023\/09\/Luis-Marinho-Divulgacao.jpeg 743w, https:\/\/tvc16.com\/portal\/wp-content\/uploads\/2023\/09\/Luis-Marinho-Divulgacao-300x300.jpeg 300w, https:\/\/tvc16.com\/portal\/wp-content\/uploads\/2023\/09\/Luis-Marinho-Divulgacao-150x150.jpeg 150w\" sizes=\"auto, (max-width: 743px) 100vw, 743px\" \/><\/figure>\n\n\n\n<p>Desde 2020, Luis Marinho tem impulsionado melhorias de desempenho na Embraer, implementando a filosofia Lean, voltada a maximizar a produ\u00e7\u00e3o e aumentar a qualidade do produto ou servi\u00e7o, com foco na produtividade e excel\u00eancia. Marinho traz uma rica bagagem em engenharia, log\u00edstica e administra\u00e7\u00e3o, al\u00e9m da experi\u00eancia em atuar numa companhia que tem se destacado no notici\u00e1rio com inova\u00e7\u00f5es como os rec\u00e9m-anunciados avi\u00f5es el\u00e9tricos e os carros voadores e ainda por um de seus jatos superar o concorrente na prefer\u00eancia de clientes norte-americanos.<\/p>\n\n\n\n<figure class=\"wp-block-image size-large\"><img loading=\"lazy\" decoding=\"async\" width=\"1024\" height=\"576\" src=\"https:\/\/tvc16.com\/portal\/wp-content\/uploads\/2023\/09\/Caio-Megale-Divulgacao-1024x576.jpeg\" alt=\"\" class=\"wp-image-69204\" srcset=\"https:\/\/tvc16.com\/portal\/wp-content\/uploads\/2023\/09\/Caio-Megale-Divulgacao-1024x576.jpeg 1024w, https:\/\/tvc16.com\/portal\/wp-content\/uploads\/2023\/09\/Caio-Megale-Divulgacao-300x169.jpeg 300w, https:\/\/tvc16.com\/portal\/wp-content\/uploads\/2023\/09\/Caio-Megale-Divulgacao-768x432.jpeg 768w, https:\/\/tvc16.com\/portal\/wp-content\/uploads\/2023\/09\/Caio-Megale-Divulgacao.jpeg 1280w\" sizes=\"auto, (max-width: 1024px) 100vw, 1024px\" \/><\/figure>\n\n\n\n<p>Caio Megale possui ampla experi\u00eancia, com passagem pelo Ita\u00fa Unibanco e participa\u00e7\u00e3o na funda\u00e7\u00e3o da Mau\u00e1 Investimentos, empresa da qual foi s\u00f3cio e economista-chefe at\u00e9 2010. Megale \u00e9 convidado especial da empresa Petr\u00f3polis Invest, que estar\u00e1 presente no Petr\u00f3polis Business 2023.<\/p>\n\n\n\n<p>No total, o Petr\u00f3polis Business contar\u00e1 com 120 palestras sobre diferentes temas. Os visitantes poder\u00e3o participar de workshops, rodadas de neg\u00f3cios promovidas pelo Sebrae e outras atividades pensadas para atender a todas as faixas et\u00e1rias. Como parte da programa\u00e7\u00e3o, destaca-se o Tech Summit 2023, evento que re\u00fane desenvolvedores, empresas de TI e interessados no segmento de tecnologia e inova\u00e7\u00e3o. Experi\u00eancias com startups, intelig\u00eancia artificial, realidade aumentada e rob\u00f3tica tamb\u00e9m movimentar\u00e3o o CCSQ durante os quatro dias de outubro.<\/p>\n\n\n\n<p>O Petr\u00f3polis Business 2023 reunir\u00e1 os principais segmentos da economia da regi\u00e3o, abrangendo turismo, gastronomia, moda, confec\u00e7\u00e3o, tecnologia, constru\u00e7\u00e3o civil, educa\u00e7\u00e3o, constru\u00e7\u00e3o civil, eventos, agroecologia e poder p\u00fablico pelos diversos sal\u00f5es do Quitandinha. A entrada \u00e9 franca.<\/p>\n\n\n\n<p>O Petr\u00f3polis Business 2023 \u00e9 uma realiza\u00e7\u00e3o da ACEP, com patroc\u00ednio da Fecom\u00e9rcio, Prefeitura, Sistema Firjan, Governo do Estado do Rio de Janeiro (por meio da Secret\u00e1ria de Desenvolvimento Econ\u00f4mico, Ind\u00fastria, Com\u00e9rcio e Servi\u00e7os), Sebrae, Unifase e Concer. O evento conta com apoio institucional da Facerj, CDL, Sicom\u00e9rcio, C\u00e2mara Municipal, CRC\/RJ, Emater-Rio, Petr\u00f3polis Convention &amp; Visitors Bureau, UCP, SinCon, Associa\u00e7\u00e3o de Empres\u00e1rios da Rua Teresa, Serratec, Serviplan e Petr\u00f3polis Invest. A organiza\u00e7\u00e3o do Petr\u00f3polis Business 2023 \u00e9 da Open Brasil. A Tribuna FM \u00e9 a r\u00e1dio oficial do evento.<\/p>\n\n\n\n<p><strong><em>Servi\u00e7o:<\/em><\/strong><\/p>\n\n\n\n<p><strong><em>Palestra \u201cO case de sucesso da Embraer\u201d, com Luis Marinho, Vice-Presidente Executivo de Opera\u00e7\u00f5es da Embraer &#8211; Dia 26\/10, \u00e0s 19 horas. Entrada franca.<\/em><\/strong><\/p>\n\n\n\n<p><strong><em>Palestra \u201cPerspectivas da economia brasileira em 2024\u201d, com Caio Megale, Economista-chefe da XP Investimentos (convidado da Petr\u00f3polis Invest) &#8211; Dia 27\/10, \u00e0s 19 horas. Entrada Franca.<\/em><\/strong><\/p>\n\n\n\n<p><strong>Petr\u00f3polis Business \u2013 De 26 a 29 de outubro de 2023 \u2013 Pal\u00e1cio Quitandinha<\/strong><\/p>\n\n\n\n<p><strong>Mais informa\u00e7\u00f5es \u2013 (24) 2237-1101 &#8211; www.petropolisbusiness.com.br<\/strong><\/p>\n\n\n\n<p><\/p>\n","protected":false},"excerpt":{"rendered":"<p>Participa\u00e7\u00e3o de executivos da Embraer e XP Investimentos \u00e9 um dos destaques do evento Executivos<\/p>\n","protected":false},"author":2,"featured_media":69205,"comment_status":"open","ping_status":"open","sticky":false,"template":"","format":"standard","meta":{"footnotes":""},"categories":[12],"tags":[],"class_list":["post-69202","post","type-post","status-publish","format-standard","has-post-thumbnail","hentry","category-cidade"],"_links":{"self":[{"href":"https:\/\/tvc16.com\/portal\/wp-json\/wp\/v2\/posts\/69202","targetHints":{"allow":["GET"]}}],"collection":[{"href":"https:\/\/tvc16.com\/portal\/wp-json\/wp\/v2\/posts"}],"about":[{"href":"https:\/\/tvc16.com\/portal\/wp-json\/wp\/v2\/types\/post"}],"author":[{"embeddable":true,"href":"https:\/\/tvc16.com\/portal\/wp-json\/wp\/v2\/users\/2"}],"replies":[{"embeddable":true,"href":"https:\/\/tvc16.com\/portal\/wp-json\/wp\/v2\/comments?post=69202"}],"version-history":[{"count":1,"href":"https:\/\/tvc16.com\/portal\/wp-json\/wp\/v2\/posts\/69202\/revisions"}],"predecessor-version":[{"id":69206,"href":"https:\/\/tvc16.com\/portal\/wp-json\/wp\/v2\/posts\/69202\/revisions\/69206"}],"wp:featuredmedia":[{"embeddable":true,"href":"https:\/\/tvc16.com\/portal\/wp-json\/wp\/v2\/media\/69205"}],"wp:attachment":[{"href":"https:\/\/tvc16.com\/portal\/wp-json\/wp\/v2\/media?parent=69202"}],"wp:term":[{"taxonomy":"category","embeddable":true,"href":"https:\/\/tvc16.com\/portal\/wp-json\/wp\/v2\/categories?post=69202"},{"taxonomy":"post_tag","embeddable":true,"href":"https:\/\/tvc16.com\/portal\/wp-json\/wp\/v2\/tags?post=69202"}],"curies":[{"name":"wp","href":"https:\/\/api.w.org\/{rel}","templated":true}]}}