{"id":69207,"date":"2023-09-30T11:18:51","date_gmt":"2023-09-30T14:18:51","guid":{"rendered":"https:\/\/tvc16.com\/portal\/?p=69207"},"modified":"2023-09-30T11:18:52","modified_gmt":"2023-09-30T14:18:52","slug":"prefeitura-realiza-vacinacao-antirrabica-animal-em-mais-de-30-pontos-neste-sabado","status":"publish","type":"post","link":"https:\/\/tvc16.com\/portal\/2023\/09\/30\/prefeitura-realiza-vacinacao-antirrabica-animal-em-mais-de-30-pontos-neste-sabado\/","title":{"rendered":"Prefeitura realiza vacina\u00e7\u00e3o antirr\u00e1bica animal em mais de 30 pontos neste s\u00e1bado"},"content":{"rendered":"\n<p><em>Imuniza\u00e7\u00e3o de c\u00e3es e gatos \u00e9 essencial para evitar a transmiss\u00e3o da raiva; Quase 20 mil animais j\u00e1 foram imunizados em Petr\u00f3polis s\u00f3 este ano<\/em><\/p>\n\n\n\n<p>Os donos de c\u00e3es e gatos t\u00eam uma importante miss\u00e3o neste s\u00e1bado em Petr\u00f3polis: Levar o seu pet para tomar a vacina antirr\u00e1bica. Al\u00e9m de proteger seus animais, a estrat\u00e9gia tamb\u00e9m evita a transmiss\u00e3o da raiva para os humanos. Com esse objetivo, a Prefeitura, por meio da Coordenadoria de Vigil\u00e2ncia Ambiental da Secretaria de Sa\u00fade, atuar\u00e1 em 31 pontos de vacina\u00e7\u00e3o distribu\u00eddos nos bairros Alto Independ\u00eancia, Quitandinha, Alto Sim\u00e9ria, S\u00e3o Sebasti\u00e3o, Sant\u00edssima Trindade, Centro (Coronel Veiga e Comunidade Oswaldo Cruz), Duchas, Vila Felipe, Ch\u00e1cara Flora, Sargento Boening, Pra\u00e7a Pasteur e Meio da Serra.<\/p>\n\n\n\n<p>O prefeito Rubens Bomtempo destacou a import\u00e2ncia da vacina\u00e7\u00e3o. \u201cEsta \u00e9 a sexta, das sete etapas da campanha que viemos realizando ao longo do ano, sendo a \u00faltima no m\u00eas de novembro. \u00c9 de extrema import\u00e2ncia a ades\u00e3o de todos para que possamos nos proteger desta doen\u00e7a t\u00e3o perigosa, e por isso estamos fazendo esta descentraliza\u00e7\u00e3o, facilitando o acesso de todos \u00e0s vacinas\u201d.<\/p>\n\n\n\n<p>S\u00f3 este ano, 19.658 animais &#8211; entre c\u00e3es e gatos &#8211; j\u00e1 foram imunizados em Petr\u00f3polis e a expectativa \u00e9 a de que outros 7.411 recebam a vacina nesta pr\u00f3xima etapa da campanha antirr\u00e1bica. \u201cTamb\u00e9m estaremos realizando uma repescagem nas localidades Amazonas e Vila Sa\u00fade, onde a ades\u00e3o foi muito baixa na etapa anterior, devido ao mau tempo, dando assim uma oportunidade a mais para garantir a imuniza\u00e7\u00e3o dos animais\u201d, afirmou o secret\u00e1rio de Sa\u00fade, Marcus Curvelo.<\/p>\n\n\n\n<p>Al\u00e9m da imuniza\u00e7\u00e3o, \u00e9 importante lembrar que outras medidas de preven\u00e7\u00e3o devem ser adotadas, como evitar o contato direto com animais desconhecidos ou feridos, especialmente morcegos, que s\u00e3o considerados os principais transmissores da raiva. Em caso de suspeita de exposi\u00e7\u00e3o \u00e0 doen\u00e7a, \u00e9 fundamental buscar atendimento m\u00e9dico imediato.<\/p>\n\n\n\n<p>Confira abaixo a rela\u00e7\u00e3o dos pontos de vacina\u00e7\u00e3o e os hor\u00e1rios de funcionamento:<\/p>\n\n\n\n<p>*A Coordenadoria de Vigil\u00e2ncia Ambiental recomenda que, para que todos possam ser atendidos sem maiores transtornos, dirijam-se ao posto de vacina\u00e7\u00e3o pelo menos uma hora antes do hor\u00e1rio de encerramento<\/p>\n\n\n\n<ul class=\"wp-block-list\">\n<li>UBS Independ\u00eancia<br>Rua Jos\u00e9 Lino, Sn. \u2013 Alto Independ\u00eancia<br>9h \u00e0s 17h<\/li>\n\n\n\n<li>CEI Romano Canavesi<br>Rua Jos\u00e9 Chaves, s\/n &#8211; Independ\u00eancia<br>09h30 \u00e0s 12h<\/li>\n\n\n\n<li>Igreja Joana D\u2019arc<br>Rua Onofre dos Santos, 828 -Taquara<br>13h30 \u00e0s 16:00h<\/li>\n\n\n\n<li>Escola Municipal Jamil Sabr\u00e1<br>Rua Coronel Veiga, 1130 &#8211; Centro<br>9h \u00e0s 17h<\/li>\n\n\n\n<li>UBS Quitandinha<br>Rua General Rondon, 402 &#8211; Quitandinha<br>9h \u00e0s 17h<\/li>\n\n\n\n<li>PSF Amazonas<br>Rua Amazonas, 25<br>9h \u00e0s 12h<\/li>\n\n\n\n<li>PSF Vila Sa\u00fade<br>Rua Santa Catarina, s\/n. lote 23<br>13h30 \u00e0s 17h<\/li>\n\n\n\n<li>PSF Sim\u00e9ria<br>R. Manoel Francisco de Paula, s\/n \u2013 Alto Sim\u00e9ria<br>9h \u00e0s 13h<\/li>\n\n\n\n<li>Ponto final do \u00f4nibus Alto Sim\u00e9ria<br>13h30 \u00e0s 14h30<\/li>\n\n\n\n<li>Garagem do Anderson<br>Estrada Presidente Sodr\u00e9, 229. Sim\u00e9ria<br>15h \u00e0s 17h<\/li>\n\n\n\n<li>E.M. Jo\u00e3o Paulo II S\u00e3o Sebasti\u00e3o<br>Rua S\u00e3o Sebasti\u00e3o, 625 \u2013 S\u00e3o Sebasti\u00e3o<br>9h \u00e0s 17h<\/li>\n\n\n\n<li>Capit\u00e3o Paladine<br>Rua Capit\u00e3o Danilo Paladine, ao lado do n\u00ba 626. (Ponto final do \u00f4nibus). &#8211; S\u00e3o Sebasti\u00e3o<br>13h30 \u00e0s 15h<\/li>\n\n\n\n<li>Assoc. Mor. Sant\u00edssima Trindade<br>Rua Lopes de Castro, s\/n (ponto final do \u00f4nibus)<br>9h \u00e0s 15h<\/li>\n\n\n\n<li>Pra\u00e7a Get\u00falio Vargas<br>Rua Get\u00falio Vargas, lote 6. Quadra 93 (ponto final do \u00f4nibus) &#8211; Quitandinha<br>15h30 \u00e0s 16h30<\/li>\n\n\n\n<li>Rua Venezuela<br>Rua Venezuela, s\/n (ponto final do \u00f4nibus) &#8211; Quitandinha<br>16h35 \u00e0s 17h<\/li>\n\n\n\n<li>Assoc. de Moradores Oswaldo Cruz ou PSF<br>Rua Nossa Senhora Aparecida, 01 \u2013 Comum. Oswaldo Cruz<br>9h \u00e0s 17h<\/li>\n\n\n\n<li>Pra\u00e7a Oswaldo Cruz<br>Rua Montecaseros, sn \u2013 Centro<br>9h \u00e0s 12h<\/li>\n\n\n\n<li>Mercearia das Duchas<br>Rua Kopke, 271 &#8211; Duchas<br>13h30 \u00e0s 17h<\/li>\n\n\n\n<li>E.M. Rubens Bomtempo<br>Rua Perm\u00ednio Schmidt, s\/n. Vila Felipe<br>9h \u00e0s 17h<\/li>\n\n\n\n<li>Associa\u00e7\u00e3o de Moradores da Ch\u00e1cara Flora<br>Rua Carmem da Ponte Marcolino, 823. Ch\u00e1cara Flora<br>10h30 \u00e0s 12h<\/li>\n<\/ul>\n\n\n\n<p>\u2022E.M. Ana Mohamed<br>Estrada Do Paraiso, 701- Sgt\u00ba Boening<br>9h \u00e0s 17h<\/p>\n\n\n\n<ul class=\"wp-block-list\">\n<li>BNH Sargento Boening \u2013 Quadra<br>Estrada Do Paraiso, 326 &#8211; Sgt\u00ba Boening<br>14h \u00e0s 15h<\/li>\n\n\n\n<li>Garagem do Fusc\u00e3o &#8211; Rua E<br>Estrada do Para\u00edso, s\/n. Em frente ao ponto final do \u00f4nibus 457<br>15h30 \u00e0s 16h30<\/li>\n\n\n\n<li>Pra\u00e7a Pasteur- Castel\u00e2nea<br>Em frente ao Clube Coronel Veiga<br>9h \u00e0s 17h<\/li>\n\n\n\n<li>Associa\u00e7\u00e3o de Moradores Conde D\u2019eu<br>Rua Olavo Bilac, s\/n. Em frente ao bar do Conde<br>9h30 \u00e0s 12h<\/li>\n<\/ul>\n\n\n\n<p>\u2022E.M. Geraldo Ventura<br>Estr. Velha da Estrela, s\/n \u2013 Meio da Serra<br>9h \u00e0s 14h<\/p>\n\n\n\n<ul class=\"wp-block-list\">\n<li>Garagem da Cleusa<br>Rua Lopes Trov\u00e3o, 1.351 (em frente ao Serra Beer)- Meio da Serra<br>10h \u00e0s 11h<\/li>\n\n\n\n<li>Pontilh\u00e3o<br>Linha F\u00e9rrea &#8211; Pra\u00e7a ao lado da Igreja Wesleyana \u2013 Meio da Serra<br>11h10 \u00e0s 11h30<\/li>\n\n\n\n<li>Mercearia do S\u00e9rgio &#8211; Caminho do Ouro<br>Caminho do Ouro, 1.391 \u2013 Meio da serra<br>11h40 \u00e0s 12h20<\/li>\n\n\n\n<li>Bar do C\u00e9sar &#8211; A\u00e7ude<br>Estrada Velha da Estrela, 74 \u2013 Meio da Serra<br>14h30 \u00e0s 17h<\/li>\n\n\n\n<li>E.M. Pedro Amado<br>Estrada Velha da Estrela, 436 \u2013 Meio da Serra<br>9h \u00e0s 16h<\/li>\n<\/ul>\n","protected":false},"excerpt":{"rendered":"<p>Imuniza\u00e7\u00e3o de c\u00e3es e gatos \u00e9 essencial para evitar a transmiss\u00e3o da raiva; Quase 20<\/p>\n","protected":false},"author":2,"featured_media":16511,"comment_status":"open","ping_status":"open","sticky":false,"template":"","format":"standard","meta":{"footnotes":""},"categories":[12],"tags":[],"class_list":["post-69207","post","type-post","status-publish","format-standard","has-post-thumbnail","hentry","category-cidade"],"_links":{"self":[{"href":"https:\/\/tvc16.com\/portal\/wp-json\/wp\/v2\/posts\/69207","targetHints":{"allow":["GET"]}}],"collection":[{"href":"https:\/\/tvc16.com\/portal\/wp-json\/wp\/v2\/posts"}],"about":[{"href":"https:\/\/tvc16.com\/portal\/wp-json\/wp\/v2\/types\/post"}],"author":[{"embeddable":true,"href":"https:\/\/tvc16.com\/portal\/wp-json\/wp\/v2\/users\/2"}],"replies":[{"embeddable":true,"href":"https:\/\/tvc16.com\/portal\/wp-json\/wp\/v2\/comments?post=69207"}],"version-history":[{"count":1,"href":"https:\/\/tvc16.com\/portal\/wp-json\/wp\/v2\/posts\/69207\/revisions"}],"predecessor-version":[{"id":69208,"href":"https:\/\/tvc16.com\/portal\/wp-json\/wp\/v2\/posts\/69207\/revisions\/69208"}],"wp:featuredmedia":[{"embeddable":true,"href":"https:\/\/tvc16.com\/portal\/wp-json\/wp\/v2\/media\/16511"}],"wp:attachment":[{"href":"https:\/\/tvc16.com\/portal\/wp-json\/wp\/v2\/media?parent=69207"}],"wp:term":[{"taxonomy":"category","embeddable":true,"href":"https:\/\/tvc16.com\/portal\/wp-json\/wp\/v2\/categories?post=69207"},{"taxonomy":"post_tag","embeddable":true,"href":"https:\/\/tvc16.com\/portal\/wp-json\/wp\/v2\/tags?post=69207"}],"curies":[{"name":"wp","href":"https:\/\/api.w.org\/{rel}","templated":true}]}}