{"id":69209,"date":"2023-09-30T11:24:51","date_gmt":"2023-09-30T14:24:51","guid":{"rendered":"https:\/\/tvc16.com\/portal\/?p=69209"},"modified":"2023-09-30T11:37:35","modified_gmt":"2023-09-30T14:37:35","slug":"eleicao-para-conselho-tutelar-e-domingo","status":"publish","type":"post","link":"https:\/\/tvc16.com\/portal\/2023\/09\/30\/eleicao-para-conselho-tutelar-e-domingo\/","title":{"rendered":"Elei\u00e7\u00e3o para Conselho Tutelar ser\u00e1 neste domingo"},"content":{"rendered":"\n<p>Este domingo (1\u00ba) \u00e9 dia da elei\u00e7\u00e3o para o Conselho Tutelar. A popula\u00e7\u00e3o eleger\u00e1 os 15 conselheiros tutelares que atuar\u00e3o em Petr\u00f3polis pelos pr\u00f3ximos 4 anos. A elei\u00e7\u00e3o ser\u00e1 realizada das 8h \u00e0s 17h. Para votar, basta comparecer ao local de vota\u00e7\u00e3o com um documento de identifica\u00e7\u00e3o com foto e o t\u00edtulo de eleitor.<\/p>\n\n\n\n<p>Para saber onde votar, basta acessar o site da Prefeitura (www.petropolis.rj.gov.br). Na p\u00e1gina principal, deve-se clicar no banner com os locais de vota\u00e7\u00e3o. Na p\u00e1gina seguinte, com o t\u00edtulo de eleitor em m\u00e3os, a pessoa deve procurar nas listas os n\u00fameros da sua se\u00e7\u00e3o e da sua zona eleitoral.<\/p>\n\n\n\n<p>Na \u00faltima segunda-feira (25), as 50 urnas eletr\u00f4nicas que ser\u00e3o utilizadas na elei\u00e7\u00e3o j\u00e1 receberam os dados dos 52 candidatos. Nesta sexta-feira (29), as pessoas que trabalhar\u00e3o no dia da elei\u00e7\u00e3o (servidores da Prefeitura e conselheiros do CMDCA) passaram por uma capacita\u00e7\u00e3o na Casa dos Conselhos Municipais Augusto \u00c2ngelo Zanatta.<\/p>\n\n\n\n<p><strong>Sobre o Conselho Tutelar<\/strong><\/p>\n\n\n\n<p>O Conselho Tutelar \u00e9 um \u00f3rg\u00e3o importante e independente, respons\u00e1vel por garantir que os direitos das crian\u00e7as e adolescentes sejam respeitados. Ele atua com base no Estatuto da Crian\u00e7a e do Adolescente, cumprindo diversas fun\u00e7\u00f5es essenciais.<\/p>\n\n\n\n<p>Em 30 de mar\u00e7o de 2023, foi criado o terceiro Conselho Tutelar em Petr\u00f3polis, de acordo com a Lei n\u00ba 8523\/2023. Cada Conselho Tutelar ser\u00e1 composto por cinco Conselheiros, que ser\u00e3o escolhidos pela ordem de vota\u00e7\u00e3o nas urnas. Os demais candidatos ser\u00e3o considerados suplentes.<\/p>\n\n\n\n<p><strong>\u00c1reas de atua\u00e7\u00e3o de cada conselho<\/strong><\/p>\n\n\n\n<p><strong>Conselho Tutelar 1<\/strong><br>Alto da Serra, Bataillard, Belvedere, Bingen, Capela, Castel\u00e2nea, Castrioto, Centro, Ch\u00e1cara Flora, Duarte da Silveira, Duchas, Duques, Fazenda Inglesa, Independ\u00eancia, Jo\u00e3o Xavier, Lopes Trov\u00e3o, Manoel Torres, Meio da Serra, Moinho Preto, Morin, Mosela, Pedras Brancas, Quarteir\u00e3o Ingelhein, Quitandinha, Santa Isabel, Caxambu, S\u00e3o Sebasti\u00e3o, Sargento Boening, Serra Nova, Sim\u00e9ria, Taquara, Thouzet, Valparaiso.<\/p>\n\n\n\n<p><strong>Conselho Tutelar 2<\/strong><br>Alcobacinha, Amoedo, At\u00edlio Marotti, Bairro da Gl\u00f3ria, Bela Vista, Boa Vista, Bonfim, Carangola, Cascatinha, Castelo S\u00e3o Manoel, Cidade Nova, Correas, Esperan\u00e7a, Estrada da Saudade, Floresta, Humberto Rovigati, Itamaraty, Jardim Salvador, Nova Cascatinha, Provis\u00f3ria, Quarteir\u00e3o Brasileiro, Quissam\u00e3, Retiro, Roseiral, Samambaia, Vale dos Esquilos, Vale do Carangola, Vicenzo Rivetti.<\/p>\n\n\n\n<p><strong>Conselho Tutelar 3<\/strong><br>\u00c1guas Lindas, Araras, Barra Mansa, Boa Esperan\u00e7a, Bonsucesso, Estrada de Teres\u00f3polis, Fagundes, Itaipava, Madame Machado, Nogueira, Pedro do Rio, Posse, Santa M\u00f4nica, Secret\u00e1rio, Vale das Videiras, Vale do Cuiab\u00e1, Vila Rica.<\/p>\n\n\n\n<p><strong>CANDIDATOS<\/strong><\/p>\n\n\n\n<p><strong>Conselho Tutelar 1<\/strong><br>Joelson Christi \u2013 N\u00ba 105<br>Mestre Pequeno \u2013 N\u00ba 107<br>Dani Souza \u2013 N\u00ba 116<br>Margarete Amorim \u2013 N\u00ba 117<br>Gisele Blatt \u2013 N\u00ba 119<br>Suany Pitorra &#8211; N\u00ba 120<br>Aline Rosa \u2013 N\u00ba 121<br>Antonio Cesar \u2013 N\u00ba 124<br>Everton Dias \u2013 N\u00ba 126<br>Marise Brand \u2013 N\u00ba 127<br>Patr\u00edcia Ara\u00fajo \u2013 N\u00ba 134<br>Kika Zarlotti \u2013 N\u00ba 148<br>Talita Novais \u2013 N\u00ba 151<br>In\u00eas \u2013 N\u00ba 152<br>Roberta Souza \u2013 N\u00ba 160<br>Lucas Carvalho \u2013 N\u00ba 164<br>Professora Isabel \u2013 N\u00ba 170<br>Elaine Menezes \u2013 N\u00ba 172<br>Fernanda Da Educa\u00e7\u00e3o \u2013 N\u00ba 177<br>Mensageiro Fgarcia \u2013 N\u00ba 178<br>Rose Burger \u2013 N\u00ba 190<br>Daniela Campos \u2013 N\u00ba 191<br>Maria Clara Esteves \u2013 N\u00ba 192<\/p>\n\n\n\n<p><strong>Conselho Tutelar 2<\/strong><br>Dalva De Jesus \u2013 N\u00ba 103<br>Maria Silva \u2013 N\u00ba 108<br>\u00c9rica Malheiros \u2013 N\u00ba 109<br>Rafael Soares &#8211; N\u00ba 111<br>Tio Kaike \u2013 N\u00ba 112<br>Anderson Oliveira \u2013 N\u00ba 113<br>D\u00e9bora Moravia \u2013 N\u00ba 115<br>Diego De Oliveira \u2013 N\u00ba 118<br>Priscila Piu \u2013 N\u00ba 122<br>Tio Marcos \u2013 N\u00ba 131<br>Mariana Duque \u2013 N\u00ba 133<br>Graziela Pereira \u2013 N\u00ba 135<br>Tio Joilson \u2013 N\u00ba 137<br>Duda Felix \u2013 N\u00ba 156<br>Marc\u00edlia Alonso \u2013 N\u00ba 179<br>Natalia Silva \u2013 N\u00ba 183<br>Soraya Lima \u2013 N\u00ba 193<\/p>\n\n\n\n<p><strong>Conselho Tutelar 3<\/strong><br>Jorge Junior \u2013 N\u00ba 106<br>Tia Telma \u2013 N\u00ba 110<br>Leandro Ddd \u2013 N\u00ba 114<br>Emmanuel Nenel \u2013 N\u00ba 123<br>Carol Bruno \u2013 N\u00ba 132<br>Mary Helen \u2013 N\u00ba 136<br>Renan Lima Kids \u2013 N\u00ba 138<br>Grazy Colibri \u2013 N\u00ba 143<br>Malcoln \u2013 N\u00ba 144<br>Deivid Ribeiro \u2013 N\u00ba 155<br>Carla Carvalho \u2013 N\u00ba 158<br>Ingrid Rocha \u2013 N\u00ba 162<\/p>\n\n\n\n<p><strong>LOCAIS DE VOTA\u00c7\u00c3O<\/strong><\/p>\n\n\n\n<p><strong>Conselho Tutelar 1<\/strong><br>\u2022 Posto 1 &#8211; Centro de Cultura \u2013 Pra\u00e7a Visconde de Mau\u00e1, 305 \u2013 Centro<br>\u2022 Posto 2 \u2013 Escola Maria Campos \u2013 Rua Buenos Aires, 108 \u2013 Centro<br>\u2022 Posto 3 \u2013 Educand\u00e1rio Terra Santa \u2013 Rua Visconde de Itabora\u00ed, s\/n\u00ba<br>\u2022 Posto 4 \u2013 Escola Johann Noel \u2013 Rua Bingen, 843 &#8211; Bingen<br>\u2022 Posto 5 \u2013 Escola Salvador Kling \u2013 Rua Mosela, 995 &#8211; Mosela<br>\u2022 Posto 6 \u2013 Escola das Comunidades Santo Ant\u00f4nio \u2013 Rua Coronel Albino Siqueira, 197 \u2013 Alto da Serra<br>\u2022 Posto 7 \u2013 Escola S\u00e3o Crist\u00f3v\u00e3o \u2013 Pra\u00e7a Pasteur, 79 &#8211; Castel\u00e2nea<br>\u2022 Posto 8 \u2013 Escola Jo\u00e3o Paulo II \u2013 Rua S\u00e3o Sebasti\u00e3o, 625 \u2013 S\u00e3o Sebasti\u00e3o<br>\u2022 Posto 9 \u2013 Escola Marcelo Alencar \u2013 Rua Amaral Peixoto, s\/n\u00ba &#8211; Quitandinha<br>\u2022 Posto 10 \u2013 Escola Alto Independ\u00eancia \u2013 Rua Leonor Maia, 1670 &#8211; Independ\u00eancia<\/p>\n\n\n\n<p><strong>Conselho Tutelar 2<\/strong><br>\u2022 Posto 1 \u2013 Escola Carlos Demi\u00e1 \u2013 Rua Fernandes Vieira, 779 &#8211; Retiro<br>\u2022 Posto 2 \u2013 Escola S\u00e3o Geraldo \u2013 Estrada do Divino, 754 &#8211; Carangola<br>\u2022 Posto 3 \u2013 Creche S\u00e3o Jos\u00e9 do Itamarati \u2013 Rua Quissam\u00e3, 2012 &#8211; Itamarati<br>\u2022 Posto 4 \u2013 CIEP Maestro Guerra Peixe \u2013 Rua Bernardo Proen\u00e7a, s\/n\u00ba &#8211; Cascatinha<br>\u2022 Posto 5 \u2013 Escola F\u00e1brica do Saber \u2013 Rua Machado Fagundes, 269 \u2013 Estrada da Saudade<br>\u2022 Posto 6 \u2013 CIEP Cec\u00edlia Meirelles \u2013 Estrada Uni\u00e3o Ind\u00fastria, 2822 \u2013 Posto Dois &#8211; Correas<br>\u2022 Posto 7 \u2013 Escola Josemar Contage \u2013 Rua Castro Alves, 80 &#8211; Correas<\/p>\n\n\n\n<p><strong>Conselho Tutelar 3<\/strong><br>\u2022 Posto 1 \u2013 Escola Nilton S\u00e3o Thiago \u2013 Av. Leopoldina, 561 &#8211; Nogueira<br>\u2022 Posto 2 \u2013 Centro de Cidadania Des. Jorge Loretti \u2013 Estrada Uni\u00e3o Ind\u00fastria, 11.860 &#8211; Itaipava<br>\u2022 Posto 3 \u2013 Escola Paroquial Santa Bernadete \u2013 Rua Bernardo Coutinho, s\/n\u00ba &#8211; Araras<br>\u2022 Posto 4 \u2013 Escola Monsenhor Jo\u00e3o de Deus Rodrigues \u2013 Rua Dr. Barros Franco, s\/n\u00ba &#8211; Pedro do Rio<br>\u2022 Posto 5 \u2013 Escola Barros Franco \u2013 Estrada de Fagundes, s\/n\u00ba &#8211; Secret\u00e1rio<br>\u2022 Posto 6 \u2013 CEI Angela Maria da Concei\u00e7\u00e3o \u2013 Estrada Uni\u00e3o Ind\u00fastria, 33.666 \u2013 Posse<\/p>\n","protected":false},"excerpt":{"rendered":"<p>Este domingo (1\u00ba) \u00e9 dia da elei\u00e7\u00e3o para o Conselho Tutelar. A popula\u00e7\u00e3o eleger\u00e1 os<\/p>\n","protected":false},"author":2,"featured_media":58849,"comment_status":"open","ping_status":"open","sticky":true,"template":"","format":"standard","meta":{"footnotes":""},"categories":[12],"tags":[],"class_list":["post-69209","post","type-post","status-publish","format-standard","has-post-thumbnail","hentry","category-cidade"],"_links":{"self":[{"href":"https:\/\/tvc16.com\/portal\/wp-json\/wp\/v2\/posts\/69209","targetHints":{"allow":["GET"]}}],"collection":[{"href":"https:\/\/tvc16.com\/portal\/wp-json\/wp\/v2\/posts"}],"about":[{"href":"https:\/\/tvc16.com\/portal\/wp-json\/wp\/v2\/types\/post"}],"author":[{"embeddable":true,"href":"https:\/\/tvc16.com\/portal\/wp-json\/wp\/v2\/users\/2"}],"replies":[{"embeddable":true,"href":"https:\/\/tvc16.com\/portal\/wp-json\/wp\/v2\/comments?post=69209"}],"version-history":[{"count":2,"href":"https:\/\/tvc16.com\/portal\/wp-json\/wp\/v2\/posts\/69209\/revisions"}],"predecessor-version":[{"id":69211,"href":"https:\/\/tvc16.com\/portal\/wp-json\/wp\/v2\/posts\/69209\/revisions\/69211"}],"wp:featuredmedia":[{"embeddable":true,"href":"https:\/\/tvc16.com\/portal\/wp-json\/wp\/v2\/media\/58849"}],"wp:attachment":[{"href":"https:\/\/tvc16.com\/portal\/wp-json\/wp\/v2\/media?parent=69209"}],"wp:term":[{"taxonomy":"category","embeddable":true,"href":"https:\/\/tvc16.com\/portal\/wp-json\/wp\/v2\/categories?post=69209"},{"taxonomy":"post_tag","embeddable":true,"href":"https:\/\/tvc16.com\/portal\/wp-json\/wp\/v2\/tags?post=69209"}],"curies":[{"name":"wp","href":"https:\/\/api.w.org\/{rel}","templated":true}]}}