{"id":69215,"date":"2023-10-01T18:00:00","date_gmt":"2023-10-01T21:00:00","guid":{"rendered":"https:\/\/tvc16.com\/portal\/?p=69215"},"modified":"2023-09-30T16:29:05","modified_gmt":"2023-09-30T19:29:05","slug":"secretaria-de-educacao-vai-distribuir-oculos-para-estudantes-da-rede-municipal-em-petropolis","status":"publish","type":"post","link":"https:\/\/tvc16.com\/portal\/2023\/10\/01\/secretaria-de-educacao-vai-distribuir-oculos-para-estudantes-da-rede-municipal-em-petropolis\/","title":{"rendered":"Secretaria de Educa\u00e7\u00e3o vai distribuir \u00f3culos para estudantes da rede municipal em Petr\u00f3polis"},"content":{"rendered":"\n<p>Em uma a\u00e7\u00e3o in\u00e9dita, a Secretaria de Educa\u00e7\u00e3o de Petr\u00f3polis em parceria com a empresa Zeiss e a Ong Inovart, vai distribuir \u00f3culos para estudantes da rede municipal de ensino. Representantes da empresa se reuniram com o munic\u00edpio, por meio da Vara da Inf\u00e2ncia, para alinhar o projeto. O objetivo \u00e9 corrigir problemas relacionados \u00e0 defici\u00eancia visual que acabam afetando no desenvolvimento e aprendizagem das crian\u00e7as.<\/p>\n\n\n\n<p>Neste primeiro momento do projeto, ser\u00e3o atendidos tr\u00eas mil estudantes do primeiro ao nono ano do Ensino Fundamental da rede municipal. A ong Inovart vai fazer as consultas e os \u00f3culos ser\u00e3o doados pela empresa Zeiss.<\/p>\n\n\n\n<p>\u201cCaso seja identificado que a crian\u00e7a precise fazer algum tipo de tratamento ou cirurgia, a Prefeitura far\u00e1 o encaminhamento para a realiza\u00e7\u00e3o do procedimento\u201d, explicou a secret\u00e1ria de Educa\u00e7\u00e3o, Adriana de Paula.<\/p>\n\n\n\n<p>A previs\u00e3o \u00e9 que o mutir\u00e3o (realiza\u00e7\u00e3o dos exames e entrega dos \u00f3culos) aconte\u00e7a entre os dias 30 de outubro e 14 de novembro. \u201cAinda estamos fechando esses detalhes sobre local, cronograma e quais escolas v\u00e3o participar do mutir\u00e3o nesta primeira etapa\u201d, disse a secret\u00e1ria de Educa\u00e7\u00e3o.<\/p>\n","protected":false},"excerpt":{"rendered":"<p>Em uma a\u00e7\u00e3o in\u00e9dita, a Secretaria de Educa\u00e7\u00e3o de Petr\u00f3polis em parceria com a empresa<\/p>\n","protected":false},"author":2,"featured_media":69216,"comment_status":"open","ping_status":"open","sticky":false,"template":"","format":"standard","meta":{"footnotes":""},"categories":[12],"tags":[],"class_list":["post-69215","post","type-post","status-publish","format-standard","has-post-thumbnail","hentry","category-cidade"],"_links":{"self":[{"href":"https:\/\/tvc16.com\/portal\/wp-json\/wp\/v2\/posts\/69215","targetHints":{"allow":["GET"]}}],"collection":[{"href":"https:\/\/tvc16.com\/portal\/wp-json\/wp\/v2\/posts"}],"about":[{"href":"https:\/\/tvc16.com\/portal\/wp-json\/wp\/v2\/types\/post"}],"author":[{"embeddable":true,"href":"https:\/\/tvc16.com\/portal\/wp-json\/wp\/v2\/users\/2"}],"replies":[{"embeddable":true,"href":"https:\/\/tvc16.com\/portal\/wp-json\/wp\/v2\/comments?post=69215"}],"version-history":[{"count":1,"href":"https:\/\/tvc16.com\/portal\/wp-json\/wp\/v2\/posts\/69215\/revisions"}],"predecessor-version":[{"id":69217,"href":"https:\/\/tvc16.com\/portal\/wp-json\/wp\/v2\/posts\/69215\/revisions\/69217"}],"wp:featuredmedia":[{"embeddable":true,"href":"https:\/\/tvc16.com\/portal\/wp-json\/wp\/v2\/media\/69216"}],"wp:attachment":[{"href":"https:\/\/tvc16.com\/portal\/wp-json\/wp\/v2\/media?parent=69215"}],"wp:term":[{"taxonomy":"category","embeddable":true,"href":"https:\/\/tvc16.com\/portal\/wp-json\/wp\/v2\/categories?post=69215"},{"taxonomy":"post_tag","embeddable":true,"href":"https:\/\/tvc16.com\/portal\/wp-json\/wp\/v2\/tags?post=69215"}],"curies":[{"name":"wp","href":"https:\/\/api.w.org\/{rel}","templated":true}]}}