{"id":69221,"date":"2023-09-30T22:00:00","date_gmt":"2023-10-01T01:00:00","guid":{"rendered":"https:\/\/tvc16.com\/portal\/?p=69221"},"modified":"2023-09-30T16:38:02","modified_gmt":"2023-09-30T19:38:02","slug":"ii-edicao-do-casamento-comunitario-emociona-em-paraiba-do-sul","status":"publish","type":"post","link":"https:\/\/tvc16.com\/portal\/2023\/09\/30\/ii-edicao-do-casamento-comunitario-emociona-em-paraiba-do-sul\/","title":{"rendered":"II edi\u00e7\u00e3o do Casamento Comunit\u00e1rio emociona em Para\u00edba do Sul"},"content":{"rendered":"\n<p>Nesta sexta-feira (29), uma festa linda, promovida pela Prefeitura de Para\u00edba do Sul, atrav\u00e9s da Secretaria de Assist\u00eancia Social e Direitos Humanos, oficializou o amor de 16 casais. A cerim\u00f4nia da segunda edi\u00e7\u00e3o do Casamento Comunit\u00e1rio correu no Espa\u00e7o Livre Eventos, no distrito de Werneck, e contou com a presen\u00e7a de fam\u00edlias e convidados dos noivos e autoridades municipais.<\/p>\n\n\n\n<figure class=\"wp-block-image size-large\"><img loading=\"lazy\" decoding=\"async\" width=\"1024\" height=\"683\" src=\"https:\/\/tvc16.com\/portal\/wp-content\/uploads\/2023\/09\/trat-23-1024x683.jpg\" alt=\"\" class=\"wp-image-69223\" srcset=\"https:\/\/tvc16.com\/portal\/wp-content\/uploads\/2023\/09\/trat-23-1024x683.jpg 1024w, https:\/\/tvc16.com\/portal\/wp-content\/uploads\/2023\/09\/trat-23-300x200.jpg 300w, https:\/\/tvc16.com\/portal\/wp-content\/uploads\/2023\/09\/trat-23-768x512.jpg 768w, https:\/\/tvc16.com\/portal\/wp-content\/uploads\/2023\/09\/trat-23-900x600.jpg 900w, https:\/\/tvc16.com\/portal\/wp-content\/uploads\/2023\/09\/trat-23.jpg 1350w\" sizes=\"auto, (max-width: 1024px) 100vw, 1024px\" \/><\/figure>\n\n\n\n<p>\u201cEu s\u00f3 tenho a agradecer a Deus em poder estar neste cargo e poder proporcionar essa felicidade \u00e0 todos voc\u00eas. Esse projeto \u00e9 um dos que mais tenho orgulho. A condi\u00e7\u00e3o financeira e social n\u00e3o pode impedir de celebrarmos a felicidade e o amor. Parab\u00e9ns a todos os casais\u201d, explicou a prefeita, Dayse Onofre, que tamb\u00e9m esteve presente no evento.<\/p>\n\n\n\n<figure class=\"wp-block-image size-large\"><img loading=\"lazy\" decoding=\"async\" width=\"1024\" height=\"683\" src=\"https:\/\/tvc16.com\/portal\/wp-content\/uploads\/2023\/09\/trat-10-1024x683.jpg\" alt=\"\" class=\"wp-image-69224\" srcset=\"https:\/\/tvc16.com\/portal\/wp-content\/uploads\/2023\/09\/trat-10-1024x683.jpg 1024w, https:\/\/tvc16.com\/portal\/wp-content\/uploads\/2023\/09\/trat-10-300x200.jpg 300w, https:\/\/tvc16.com\/portal\/wp-content\/uploads\/2023\/09\/trat-10-768x512.jpg 768w, https:\/\/tvc16.com\/portal\/wp-content\/uploads\/2023\/09\/trat-10-900x600.jpg 900w, https:\/\/tvc16.com\/portal\/wp-content\/uploads\/2023\/09\/trat-10.jpg 1350w\" sizes=\"auto, (max-width: 1024px) 100vw, 1024px\" \/><\/figure>\n\n\n\n<p>Em sua segunda edi\u00e7\u00e3o, o Casamento Comunit\u00e1rio \u00e9 um projeto social que possibilita que casais de baixa renda realizem o sonho de se casar com toda a estrutura necess\u00e1ria custeada pela Prefeitura.<\/p>\n\n\n\n<p>\u201cSomente gostaria de desejar muito amor e felicidades a todos os casais. O casamento \u00e9 constru\u00eddo diariamente. Tenham o amor como norte e tudo dar\u00e1 certo \u201d, desejou a secret\u00e1ria de Assist\u00eancia Social e Direitos Humanos, Elaine Aguiar.<\/p>\n\n\n\n<figure class=\"wp-block-image size-large\"><img loading=\"lazy\" decoding=\"async\" width=\"1024\" height=\"683\" src=\"https:\/\/tvc16.com\/portal\/wp-content\/uploads\/2023\/09\/trat-7-1024x683.jpg\" alt=\"\" class=\"wp-image-69225\" srcset=\"https:\/\/tvc16.com\/portal\/wp-content\/uploads\/2023\/09\/trat-7-1024x683.jpg 1024w, https:\/\/tvc16.com\/portal\/wp-content\/uploads\/2023\/09\/trat-7-300x200.jpg 300w, https:\/\/tvc16.com\/portal\/wp-content\/uploads\/2023\/09\/trat-7-768x512.jpg 768w, https:\/\/tvc16.com\/portal\/wp-content\/uploads\/2023\/09\/trat-7-900x600.jpg 900w, https:\/\/tvc16.com\/portal\/wp-content\/uploads\/2023\/09\/trat-7.jpg 1350w\" sizes=\"auto, (max-width: 1024px) 100vw, 1024px\" \/><\/figure>\n\n\n\n<p>O evento contou com tudo que uma festa de casamento precisa ter: cerimonial, decora\u00e7\u00e3o, bolo, almo\u00e7o, pajem e dama de honra, fot\u00f3grafos profissionais, spinner, m\u00fasica ao vivo e mec\u00e2nica, filmagem e tudo mais.<\/p>\n","protected":false},"excerpt":{"rendered":"<p>Nesta sexta-feira (29), uma festa linda, promovida pela Prefeitura de Para\u00edba do Sul, atrav\u00e9s da<\/p>\n","protected":false},"author":2,"featured_media":69222,"comment_status":"open","ping_status":"open","sticky":false,"template":"","format":"standard","meta":{"footnotes":""},"categories":[17],"tags":[],"class_list":["post-69221","post","type-post","status-publish","format-standard","has-post-thumbnail","hentry","category-outras-noticias"],"_links":{"self":[{"href":"https:\/\/tvc16.com\/portal\/wp-json\/wp\/v2\/posts\/69221","targetHints":{"allow":["GET"]}}],"collection":[{"href":"https:\/\/tvc16.com\/portal\/wp-json\/wp\/v2\/posts"}],"about":[{"href":"https:\/\/tvc16.com\/portal\/wp-json\/wp\/v2\/types\/post"}],"author":[{"embeddable":true,"href":"https:\/\/tvc16.com\/portal\/wp-json\/wp\/v2\/users\/2"}],"replies":[{"embeddable":true,"href":"https:\/\/tvc16.com\/portal\/wp-json\/wp\/v2\/comments?post=69221"}],"version-history":[{"count":1,"href":"https:\/\/tvc16.com\/portal\/wp-json\/wp\/v2\/posts\/69221\/revisions"}],"predecessor-version":[{"id":69226,"href":"https:\/\/tvc16.com\/portal\/wp-json\/wp\/v2\/posts\/69221\/revisions\/69226"}],"wp:featuredmedia":[{"embeddable":true,"href":"https:\/\/tvc16.com\/portal\/wp-json\/wp\/v2\/media\/69222"}],"wp:attachment":[{"href":"https:\/\/tvc16.com\/portal\/wp-json\/wp\/v2\/media?parent=69221"}],"wp:term":[{"taxonomy":"category","embeddable":true,"href":"https:\/\/tvc16.com\/portal\/wp-json\/wp\/v2\/categories?post=69221"},{"taxonomy":"post_tag","embeddable":true,"href":"https:\/\/tvc16.com\/portal\/wp-json\/wp\/v2\/tags?post=69221"}],"curies":[{"name":"wp","href":"https:\/\/api.w.org\/{rel}","templated":true}]}}