{"id":69227,"date":"2023-10-01T08:30:00","date_gmt":"2023-10-01T11:30:00","guid":{"rendered":"https:\/\/tvc16.com\/portal\/?p=69227"},"modified":"2023-09-30T16:55:20","modified_gmt":"2023-09-30T19:55:20","slug":"saiba-como-ambientes-obesogenicos-podem-prejudicar-a-saude","status":"publish","type":"post","link":"https:\/\/tvc16.com\/portal\/2023\/10\/01\/saiba-como-ambientes-obesogenicos-podem-prejudicar-a-saude\/","title":{"rendered":"Saiba como ambientes obesog\u00eanicos podem prejudicar a sa\u00fade"},"content":{"rendered":"\n<p><em>M\u00e9dica aponta as principais causas da obesidade associadas a ambientes inadequados<\/em><\/p>\n\n\n\n<p>Fatores alimentares, emocionais e gen\u00e9ticos s\u00e3o, em sua maioria, precursores para o desenvolvimento da obesidade, doen\u00e7a cr\u00f4nica que atinge mais de um bilh\u00e3o de pessoas no mundo, segundo a Organiza\u00e7\u00e3o Mundial da Sa\u00fade (OMS). Normalmente, caracterizada pelo ac\u00famulo de gordura no corpo, o enfrentamento da doen\u00e7a pode se tornar um desafio, principalmente, para pessoas que vivem em ambientes considerados obesog\u00eanicos.<\/p>\n\n\n\n<p>De acordo com a Dr\u00aa Nath\u00e1lia Ventura, m\u00e9dica especializada em obesidade, os chamados \u201cambientes obesog\u00eanicos\u201d, s\u00e3o promotores ou facilitadores de escolhas alimentares n\u00e3o saud\u00e1veis e de comportamentos sedent\u00e1rios, que dificultam a ado\u00e7\u00e3o e manuten\u00e7\u00e3o de h\u00e1bitos alimentares saud\u00e1veis e a pr\u00e1tica regular de atividade f\u00edsica.<\/p>\n\n\n\n<p>\u201cS\u00e3o locais em que h\u00e1 f\u00e1cil acesso aos alimentos processados e ultraprocessados, com excesso de a\u00e7\u00facares e gorduras. Essa escolha pode acontecer devido ao baixo poder aquisitivo para o consumo de alimentos saud\u00e1veis, como tamb\u00e9m por existir uma grande concentra\u00e7\u00e3o de estabelecimentos que vendem alimentos pouco saud\u00e1veis nas proximidades da casa ou do trabalho do indiv\u00edduo. Neste caso, \u00e9 necess\u00e1rio um cuidado extra, que requer escolhas na hora da alimenta\u00e7\u00e3o, aliadas \u00e0s pr\u00e1ticas regulares de atividade f\u00edsica e at\u00e9 mudan\u00e7a de comportamento no ato da refei\u00e7\u00e3o, eliminando maus h\u00e1bitos, como assistir televis\u00e3o ou mexer no celular enquanto se alimenta\u201d, destacou a m\u00e9dica.<\/p>\n\n\n\n<p>Os exerc\u00edcios f\u00edsicos tamb\u00e9m contribuem para a diminui\u00e7\u00e3o dos efeitos causados por um ambiente obesog\u00eanico. Mas, \u00e9 importante lembrar que as altera\u00e7\u00f5es hormonais, psicol\u00f3gicas e os transtornos alimentares tamb\u00e9m podem levar o paciente \u00e0 obesidade, que \u00e9 precursora de outras doen\u00e7as, como a hipertens\u00e3o, colesterol, diabetes e problemas cardiovasculares.<\/p>\n\n\n\n<p>\u201c\u00c9 extremamente importante que o paciente se conscientize da necessidade de ado\u00e7\u00e3o de novos h\u00e1bitos que, de fato, mudem o estilo de vida. Isso j\u00e1 come\u00e7a na primeira consulta, quando s\u00e3o avaliados aspectos m\u00e9dicos, sociais, comportamentais e psicol\u00f3gicos, al\u00e9m do n\u00edvel de ansiedade que a pessoa est\u00e1 exposta. Atrav\u00e9s do acompanhamento adequado em conjunto com psic\u00f3logo, nutricionista e avaliador f\u00edsico, \u00e9 poss\u00edvel conseguir a mudan\u00e7a. A utiliza\u00e7\u00e3o de medicamento anti-obesidade, quando necess\u00e1rio, deve ser aplicado de forma consciente e individualizada, levando em considera\u00e7\u00e3o todas as quest\u00f5es envolvidas no dia a dia do paciente\u201d, concluiu Nath\u00e1lia Ventura.<\/p>\n\n\n\n<p>Para esclarecer d\u00favidas sobre obesidade e ambientes obesog\u00eanicos, a m\u00e9dica elaborou gratuitamente uma s\u00e9rie de v\u00eddeos, com informa\u00e7\u00f5es e dicas para melhorias na qualidade de vida, atrav\u00e9s do Instagram @dranathaliaventura. Diariamente, perguntas s\u00e3o respondidas e instru\u00e7\u00f5es fornecidas \u00e0s pessoas que buscam por tratamento.<\/p>\n","protected":false},"excerpt":{"rendered":"<p>M\u00e9dica aponta as principais causas da obesidade associadas a ambientes inadequados Fatores alimentares, emocionais e<\/p>\n","protected":false},"author":2,"featured_media":69228,"comment_status":"open","ping_status":"open","sticky":false,"template":"","format":"standard","meta":{"footnotes":""},"categories":[12],"tags":[],"class_list":["post-69227","post","type-post","status-publish","format-standard","has-post-thumbnail","hentry","category-cidade"],"_links":{"self":[{"href":"https:\/\/tvc16.com\/portal\/wp-json\/wp\/v2\/posts\/69227","targetHints":{"allow":["GET"]}}],"collection":[{"href":"https:\/\/tvc16.com\/portal\/wp-json\/wp\/v2\/posts"}],"about":[{"href":"https:\/\/tvc16.com\/portal\/wp-json\/wp\/v2\/types\/post"}],"author":[{"embeddable":true,"href":"https:\/\/tvc16.com\/portal\/wp-json\/wp\/v2\/users\/2"}],"replies":[{"embeddable":true,"href":"https:\/\/tvc16.com\/portal\/wp-json\/wp\/v2\/comments?post=69227"}],"version-history":[{"count":1,"href":"https:\/\/tvc16.com\/portal\/wp-json\/wp\/v2\/posts\/69227\/revisions"}],"predecessor-version":[{"id":69229,"href":"https:\/\/tvc16.com\/portal\/wp-json\/wp\/v2\/posts\/69227\/revisions\/69229"}],"wp:featuredmedia":[{"embeddable":true,"href":"https:\/\/tvc16.com\/portal\/wp-json\/wp\/v2\/media\/69228"}],"wp:attachment":[{"href":"https:\/\/tvc16.com\/portal\/wp-json\/wp\/v2\/media?parent=69227"}],"wp:term":[{"taxonomy":"category","embeddable":true,"href":"https:\/\/tvc16.com\/portal\/wp-json\/wp\/v2\/categories?post=69227"},{"taxonomy":"post_tag","embeddable":true,"href":"https:\/\/tvc16.com\/portal\/wp-json\/wp\/v2\/tags?post=69227"}],"curies":[{"name":"wp","href":"https:\/\/api.w.org\/{rel}","templated":true}]}}