{"id":6923,"date":"2020-11-28T13:00:17","date_gmt":"2020-11-28T16:00:17","guid":{"rendered":"https:\/\/tvc16.com\/portal\/?p=6923"},"modified":"2020-11-28T13:00:20","modified_gmt":"2020-11-28T16:00:20","slug":"oi-fecha-acordo-com-agu-e-vai-pagar-r-7-bi-para-uniao","status":"publish","type":"post","link":"https:\/\/tvc16.com\/portal\/2020\/11\/28\/oi-fecha-acordo-com-agu-e-vai-pagar-r-7-bi-para-uniao\/","title":{"rendered":"Oi fecha acordo com AGU e vai pagar R$ 7 bi para Uni\u00e3o"},"content":{"rendered":"\n<p>Operadora de telefonia est\u00e1 em recupera\u00e7\u00e3o judicial desde 2016<\/p>\n\n\n\n<h4 class=\"wp-block-heading\">Por Wellton M\u00e1ximo \u2013 Rep\u00f3rter da Ag\u00eancia Brasil &#8211; Bras\u00edlia<\/h4>\n\n\n\n<p>Em recupera\u00e7\u00e3o judicial desde 2016, o grupo de telecomunica\u00e7\u00f5es Oi fechou um acordo com a Advocacia-Geral da Uni\u00e3o (AGU) para obter um desconto de 50% na d\u00edvida de R$ 14,3 bilh\u00f5es com a Uni\u00e3o. Os d\u00e9bitos vinham de 198 multas aplicadas pela Ag\u00eancia Nacional de Telecomunica\u00e7\u00f5es (Anatel) \u00e0 operadora.<img decoding=\"async\" src=\"https:\/\/agenciabrasil.ebc.com.br\/ebc.png?id=1394794&amp;o=node\"><img decoding=\"async\" src=\"https:\/\/agenciabrasil.ebc.com.br\/ebc.gif?id=1394794&amp;o=node\"><\/p>\n\n\n\n<p>Segundo o acordo anunciado pela AGU, os 50% restantes da d\u00edvida ser\u00e3o parcelados da seguinte forma. Um total de R$ 1,8 bilh\u00e3o depositados pela Oi na Justi\u00e7a ser\u00e3o convertidos em renda para a Anatel, como pagamento das primeiras parcelas. O valor remanescente ser\u00e1 dividido em&nbsp;presta\u00e7\u00f5es para o Fundo de Fiscaliza\u00e7\u00e3o das Telecomunica\u00e7\u00f5es (Fistel), cujos recursos s\u00e3o uma das fontes de financiamento da Anatel.<\/p>\n\n\n\n<p>Em nota, a AGU informou que esse \u00e9 o maior acordo da hist\u00f3ria fechado pelo \u00f3rg\u00e3o e pela Anatel. Com o procedimento, foram extintas 1.117 a\u00e7\u00f5es de execu\u00e7\u00e3o fiscal, 199 a\u00e7\u00f5es anulat\u00f3rias, 82 a\u00e7\u00f5es cautelares e 300 embargos \u00e0 execu\u00e7\u00e3o.<\/p>\n\n\n\n<p>Segundo a AGU, o acordo foi firmado com base na&nbsp;<a href=\"https:\/\/www.in.gov.br\/en\/web\/dou\/-\/lei-n-13.988-de-14-de-abril-de-2020-252343978\" target=\"_blank\" rel=\"noreferrer noopener\">Lei 13.988\/2020<\/a>, que permite que grandes empresas em recupera\u00e7\u00e3o judicial possam quitar as d\u00edvidas com a Uni\u00e3o com descontos de at\u00e9 50% e parcelamento em at\u00e9 84 meses.<\/p>\n\n\n\n<p>Ontem (26), a Oi tinha levantado R$ 1,4 bilh\u00e3o com o leil\u00e3o de torres de telefonia e centrais de processamento de dados. O novo plano de recupera\u00e7\u00e3o judicial da operadora, aprovado em setembro, prev\u00ea a venda de ativos para pagar credores e concentrar-se em investimentos de fibra \u00f3tica, que ser\u00e3o a prioridade da companhia de agora em diante.<\/p>\n\n\n\n<p>Edi\u00e7\u00e3o: F\u00e1bio Massalli<\/p>\n","protected":false},"excerpt":{"rendered":"<p>Operadora de telefonia est\u00e1 em recupera\u00e7\u00e3o judicial desde 2016 Por Wellton M\u00e1ximo \u2013 Rep\u00f3rter da<\/p>\n","protected":false},"author":2,"featured_media":6924,"comment_status":"open","ping_status":"open","sticky":false,"template":"","format":"standard","meta":{"footnotes":""},"categories":[18],"tags":[],"class_list":["post-6923","post","type-post","status-publish","format-standard","has-post-thumbnail","hentry","category-economia"],"_links":{"self":[{"href":"https:\/\/tvc16.com\/portal\/wp-json\/wp\/v2\/posts\/6923","targetHints":{"allow":["GET"]}}],"collection":[{"href":"https:\/\/tvc16.com\/portal\/wp-json\/wp\/v2\/posts"}],"about":[{"href":"https:\/\/tvc16.com\/portal\/wp-json\/wp\/v2\/types\/post"}],"author":[{"embeddable":true,"href":"https:\/\/tvc16.com\/portal\/wp-json\/wp\/v2\/users\/2"}],"replies":[{"embeddable":true,"href":"https:\/\/tvc16.com\/portal\/wp-json\/wp\/v2\/comments?post=6923"}],"version-history":[{"count":1,"href":"https:\/\/tvc16.com\/portal\/wp-json\/wp\/v2\/posts\/6923\/revisions"}],"predecessor-version":[{"id":6925,"href":"https:\/\/tvc16.com\/portal\/wp-json\/wp\/v2\/posts\/6923\/revisions\/6925"}],"wp:featuredmedia":[{"embeddable":true,"href":"https:\/\/tvc16.com\/portal\/wp-json\/wp\/v2\/media\/6924"}],"wp:attachment":[{"href":"https:\/\/tvc16.com\/portal\/wp-json\/wp\/v2\/media?parent=6923"}],"wp:term":[{"taxonomy":"category","embeddable":true,"href":"https:\/\/tvc16.com\/portal\/wp-json\/wp\/v2\/categories?post=6923"},{"taxonomy":"post_tag","embeddable":true,"href":"https:\/\/tvc16.com\/portal\/wp-json\/wp\/v2\/tags?post=6923"}],"curies":[{"name":"wp","href":"https:\/\/api.w.org\/{rel}","templated":true}]}}