{"id":69232,"date":"2023-10-02T08:00:00","date_gmt":"2023-10-02T11:00:00","guid":{"rendered":"https:\/\/tvc16.com\/portal\/?p=69232"},"modified":"2023-09-30T19:15:44","modified_gmt":"2023-09-30T22:15:44","slug":"audiencia-publica-na-camara-vai-discutir-a-visibilidade-lesbica-em-petropolis","status":"publish","type":"post","link":"https:\/\/tvc16.com\/portal\/2023\/10\/02\/audiencia-publica-na-camara-vai-discutir-a-visibilidade-lesbica-em-petropolis\/","title":{"rendered":"Audi\u00eancia p\u00fablica na C\u00e2mara vai discutir a visibilidade l\u00e9sbica em Petr\u00f3polis"},"content":{"rendered":"\n<p>A C\u00e2mara Municipal promove, nesta segunda-feira, 2 de outubro, uma audi\u00eancia p\u00fablica voltada ao debate sobre a visibilidade l\u00e9sbica. Com o tema \u201cL\u00e9sbicas: vivas e vis\u00edveis, o amor entre mulheres vai mudar o mundo\u201d, o encontro come\u00e7a \u00e0s 18h30. <\/p>\n\n\n\n<p>A audi\u00eancia p\u00fablica poder\u00e1 ser acompanhada presencialmente, no plen\u00e1rio do Pal\u00e1cio Amarelo, na Pra\u00e7a Visconde de Mau\u00e1, no Centro, ou de maneira remota &#8211; pela TV C\u00e2mara (Canal 98 da Speed Fiber\/Tech Cable) ou pela internet, no canal da C\u00e2mara Municipal de Petr\u00f3polis no Youtube.<\/p>\n","protected":false},"excerpt":{"rendered":"<p>A C\u00e2mara Municipal promove, nesta segunda-feira, 2 de outubro, uma audi\u00eancia p\u00fablica voltada ao debate<\/p>\n","protected":false},"author":2,"featured_media":69233,"comment_status":"open","ping_status":"open","sticky":false,"template":"","format":"standard","meta":{"footnotes":""},"categories":[12],"tags":[],"class_list":["post-69232","post","type-post","status-publish","format-standard","has-post-thumbnail","hentry","category-cidade"],"_links":{"self":[{"href":"https:\/\/tvc16.com\/portal\/wp-json\/wp\/v2\/posts\/69232","targetHints":{"allow":["GET"]}}],"collection":[{"href":"https:\/\/tvc16.com\/portal\/wp-json\/wp\/v2\/posts"}],"about":[{"href":"https:\/\/tvc16.com\/portal\/wp-json\/wp\/v2\/types\/post"}],"author":[{"embeddable":true,"href":"https:\/\/tvc16.com\/portal\/wp-json\/wp\/v2\/users\/2"}],"replies":[{"embeddable":true,"href":"https:\/\/tvc16.com\/portal\/wp-json\/wp\/v2\/comments?post=69232"}],"version-history":[{"count":1,"href":"https:\/\/tvc16.com\/portal\/wp-json\/wp\/v2\/posts\/69232\/revisions"}],"predecessor-version":[{"id":69234,"href":"https:\/\/tvc16.com\/portal\/wp-json\/wp\/v2\/posts\/69232\/revisions\/69234"}],"wp:featuredmedia":[{"embeddable":true,"href":"https:\/\/tvc16.com\/portal\/wp-json\/wp\/v2\/media\/69233"}],"wp:attachment":[{"href":"https:\/\/tvc16.com\/portal\/wp-json\/wp\/v2\/media?parent=69232"}],"wp:term":[{"taxonomy":"category","embeddable":true,"href":"https:\/\/tvc16.com\/portal\/wp-json\/wp\/v2\/categories?post=69232"},{"taxonomy":"post_tag","embeddable":true,"href":"https:\/\/tvc16.com\/portal\/wp-json\/wp\/v2\/tags?post=69232"}],"curies":[{"name":"wp","href":"https:\/\/api.w.org\/{rel}","templated":true}]}}