{"id":69235,"date":"2023-10-01T09:30:00","date_gmt":"2023-10-01T12:30:00","guid":{"rendered":"https:\/\/tvc16.com\/portal\/?p=69235"},"modified":"2023-09-30T19:27:00","modified_gmt":"2023-09-30T22:27:00","slug":"conta-de-luz-continua-com-bandeira-verde-em-outubro","status":"publish","type":"post","link":"https:\/\/tvc16.com\/portal\/2023\/10\/01\/conta-de-luz-continua-com-bandeira-verde-em-outubro\/","title":{"rendered":"Conta de luz continua com bandeira verde em outubro"},"content":{"rendered":"\n<p>A bandeira tarif\u00e1ria para o m\u00eas de outubro continuar\u00e1 verde, o que significa que n\u00e3o haver\u00e1 cobran\u00e7a extra na conta de luz dos consumidores brasileiros. De acordo com&nbsp;a Ag\u00eancia Nacional de Energia El\u00e9trica (Aneel), a energia mais barata reflete a melhoria nos n\u00edveis dos reservat\u00f3rios das hidrel\u00e9tricas.<img decoding=\"async\" src=\"https:\/\/agenciabrasil.ebc.com.br\/ebc.png?id=1558523&amp;o=node\"><img decoding=\"async\" src=\"https:\/\/agenciabrasil.ebc.com.br\/ebc.gif?id=1558523&amp;o=node\"><\/p>\n\n\n\n<p>As condi\u00e7\u00f5es favor\u00e1veis de gera\u00e7\u00e3o hidrel\u00e9trica, que possui um custo mais baixo do que outras fontes de energia, t\u00eam mantido a sinaliza\u00e7\u00e3o verde desde abril de 2022.<\/p>\n\n\n\n<p>Com os dados apurados at\u00e9 o momento, a expectativa da Aneel \u00e9 de que a tarifa n\u00e3o sofra nenhum acr\u00e9scimo at\u00e9 o final do ano.<\/p>\n\n\n\n<p>A bandeira verde \u00e9 v\u00e1lida para todos os consumidores do Sistema Interligado Nacional (SIN), malha de linhas de transmiss\u00e3o de energia el\u00e9trica que conecta as usinas aos consumidores.<\/p>\n","protected":false},"excerpt":{"rendered":"<p>A bandeira tarif\u00e1ria para o m\u00eas de outubro continuar\u00e1 verde, o que significa que n\u00e3o<\/p>\n","protected":false},"author":2,"featured_media":69236,"comment_status":"open","ping_status":"open","sticky":false,"template":"","format":"standard","meta":{"footnotes":""},"categories":[17],"tags":[],"class_list":["post-69235","post","type-post","status-publish","format-standard","has-post-thumbnail","hentry","category-outras-noticias"],"_links":{"self":[{"href":"https:\/\/tvc16.com\/portal\/wp-json\/wp\/v2\/posts\/69235","targetHints":{"allow":["GET"]}}],"collection":[{"href":"https:\/\/tvc16.com\/portal\/wp-json\/wp\/v2\/posts"}],"about":[{"href":"https:\/\/tvc16.com\/portal\/wp-json\/wp\/v2\/types\/post"}],"author":[{"embeddable":true,"href":"https:\/\/tvc16.com\/portal\/wp-json\/wp\/v2\/users\/2"}],"replies":[{"embeddable":true,"href":"https:\/\/tvc16.com\/portal\/wp-json\/wp\/v2\/comments?post=69235"}],"version-history":[{"count":1,"href":"https:\/\/tvc16.com\/portal\/wp-json\/wp\/v2\/posts\/69235\/revisions"}],"predecessor-version":[{"id":69237,"href":"https:\/\/tvc16.com\/portal\/wp-json\/wp\/v2\/posts\/69235\/revisions\/69237"}],"wp:featuredmedia":[{"embeddable":true,"href":"https:\/\/tvc16.com\/portal\/wp-json\/wp\/v2\/media\/69236"}],"wp:attachment":[{"href":"https:\/\/tvc16.com\/portal\/wp-json\/wp\/v2\/media?parent=69235"}],"wp:term":[{"taxonomy":"category","embeddable":true,"href":"https:\/\/tvc16.com\/portal\/wp-json\/wp\/v2\/categories?post=69235"},{"taxonomy":"post_tag","embeddable":true,"href":"https:\/\/tvc16.com\/portal\/wp-json\/wp\/v2\/tags?post=69235"}],"curies":[{"name":"wp","href":"https:\/\/api.w.org\/{rel}","templated":true}]}}