{"id":69241,"date":"2023-09-30T21:47:42","date_gmt":"2023-10-01T00:47:42","guid":{"rendered":"https:\/\/tvc16.com\/portal\/?p=69241"},"modified":"2023-09-30T21:47:43","modified_gmt":"2023-10-01T00:47:43","slug":"serra-serata-2023-e-aberta-no-dia-05-celebrando-a-colonia-italiana-da-cidade","status":"publish","type":"post","link":"https:\/\/tvc16.com\/portal\/2023\/09\/30\/serra-serata-2023-e-aberta-no-dia-05-celebrando-a-colonia-italiana-da-cidade\/","title":{"rendered":"Serra Serata 2023 \u00e9 aberta no dia 05 celebrando a col\u00f4nia italiana da cidade"},"content":{"rendered":"\n<p>A Serra Serata 2023 vai ser aberta nesta quinta-feira (05) com um formato diferente em sua 14\u00aa edi\u00e7\u00e3o, mas igualmente saboroso e animado. A celebra\u00e7\u00e3o da col\u00f4nia italiana na cidade segue at\u00e9 o dia 15 em bares, restaurantes, delicatessens e cafeterias com card\u00e1pios especiais. Tamb\u00e9m ser\u00e3o realizadas oficinas gastron\u00f4micas e uma programa\u00e7\u00e3o cultural com shows, baile e apresenta\u00e7\u00e3o de banda e orquestra.&nbsp;&nbsp;O evento, que este ano tem o tema \u201cLa Festa di Tutti\u201d, ganhou um complemento e agora ser\u00e1 \u201cA festa de todos, por toda a cidade\u201d por sua caracter\u00edstica de ser sido \u2018pulverizada\u2019 por v\u00e1rios ambientes.&nbsp;&nbsp;A abertura ser\u00e1 no dia 05, \u00e0s 19h30, com um jantar de ades\u00e3o no Restaurante Luigi.<\/p>\n\n\n\n<p>Realizada pela Casa D\u2019It\u00e1lia Anita Garibaldi, com apoio de institui\u00e7\u00f5es e empresas, o evento festeja a col\u00f4nia italiana que come\u00e7ou a se estabelecer a partir de 1845 na cidade e teve papel importante para formar a Petr\u00f3polis que \u00e9 hoje. &#8220;A Serra Serata, que j\u00e1 celebrou 13 edi\u00e7\u00f5es memor\u00e1veis, \u00e9 uma festa que pertence a toda a cidade. Contamos com o apoio valioso de diversas entidades para tornar esta celebra\u00e7\u00e3o poss\u00edvel. A alegria, caracter\u00edstica marcante da cultura italiana vai tornar essa edi\u00e7\u00e3o especial\u201d, afirma Gra\u00e7a Vescovini, presidente da entidade.<\/p>\n\n\n\n<p>J\u00e1 s\u00e3o 22 os estabelecimentos que fazem parte da festa oferecendo pratos e pre\u00e7os especiais. Tem festival de nhoque, torta com gelato, lasanha, tagliatelle, fetucine, pizza e todas as tradicionais massas em receitas diferenciadas e tradicionais desenvolvidas para o Serra Serata. A rela\u00e7\u00e3o dos participantes est\u00e1 nas redes sociais em @casaditaliapetropolis, assim como toda a programa\u00e7\u00e3o do evento.<\/p>\n\n\n\n<figure class=\"wp-block-image size-full\"><img loading=\"lazy\" decoding=\"async\" width=\"602\" height=\"912\" src=\"https:\/\/tvc16.com\/portal\/wp-content\/uploads\/2023\/09\/Chef-Adriana-Marchese-oficina-dia-14-no-shopping-Arcadia.jpeg\" alt=\"\" class=\"wp-image-69245\" srcset=\"https:\/\/tvc16.com\/portal\/wp-content\/uploads\/2023\/09\/Chef-Adriana-Marchese-oficina-dia-14-no-shopping-Arcadia.jpeg 602w, https:\/\/tvc16.com\/portal\/wp-content\/uploads\/2023\/09\/Chef-Adriana-Marchese-oficina-dia-14-no-shopping-Arcadia-198x300.jpeg 198w\" sizes=\"auto, (max-width: 602px) 100vw, 602px\" \/><\/figure>\n\n\n\n<p>Para aqueles que desejam aprimorar suas habilidades culin\u00e1rias, a Serra Serata 2023 oferece uma empolgante programa\u00e7\u00e3o de oficinas. No dia 14 de outubro, \u00e0s 13h, o Shopping Arc\u00e1dia ser\u00e1 palco da oficina Pasta Alla Teod\u00f3sia, conduzida pelos talentosos chefs Maria Cristina e Adriana Marchese. Al\u00e9m disso, no mesmo dia, \u00e0s 17h, no Hipershopping, os participantes ter\u00e3o a oportunidade de aprender com o renomado chef d\u2019Tarso e sous chef C\u00e1tia Oliveira em uma oficina&nbsp;com a receita do Gnocchi a la Serra Serata.<\/p>\n\n\n\n<figure class=\"wp-block-image size-large\"><img loading=\"lazy\" decoding=\"async\" width=\"1024\" height=\"768\" src=\"https:\/\/tvc16.com\/portal\/wp-content\/uploads\/2023\/09\/Foto-Concreto-Humano-1024x768.jpeg\" alt=\"\" class=\"wp-image-69243\" srcset=\"https:\/\/tvc16.com\/portal\/wp-content\/uploads\/2023\/09\/Foto-Concreto-Humano-1024x768.jpeg 1024w, https:\/\/tvc16.com\/portal\/wp-content\/uploads\/2023\/09\/Foto-Concreto-Humano-300x225.jpeg 300w, https:\/\/tvc16.com\/portal\/wp-content\/uploads\/2023\/09\/Foto-Concreto-Humano-768x576.jpeg 768w, https:\/\/tvc16.com\/portal\/wp-content\/uploads\/2023\/09\/Foto-Concreto-Humano-1536x1152.jpeg 1536w, https:\/\/tvc16.com\/portal\/wp-content\/uploads\/2023\/09\/Foto-Concreto-Humano-200x150.jpeg 200w, https:\/\/tvc16.com\/portal\/wp-content\/uploads\/2023\/09\/Foto-Concreto-Humano.jpeg 1600w\" sizes=\"auto, (max-width: 1024px) 100vw, 1024px\" \/><\/figure>\n\n\n\n<p>A programa\u00e7\u00e3o cultural come\u00e7a no dia 08, \u00e0s 15h, no Pal\u00e1cio de Cristal, que ser\u00e1 o cen\u00e1rio de um animado Baile Gera\u00e7\u00e3o Prateada, uma celebra\u00e7\u00e3o dedicada \u00e0 gera\u00e7\u00e3o mais experiente, com apoio da prefeitura. No dia 14 de outubro, \u00e0s 19h, no P\u00e1tio Bar, a festa inclui show imperd\u00edvel do grupo Concreto Humano cantando Renato Russo e as can\u00e7\u00f5es italianas imortalizadas na voz do \u00eddolo.&nbsp;&nbsp;J\u00e1 no dia 15, \u00e0s 16h, o Hipershopping receber\u00e1 a Orquestra da A\u00e7\u00e3o Social pela M\u00fasica do Brasil, sob a reg\u00eancia do maestro Raphael Macedo, com o concerto \u201cViva It\u00e1lia e seus cantares\u201d.<\/p>\n\n\n\n<figure class=\"wp-block-image size-full\"><img loading=\"lazy\" decoding=\"async\" width=\"532\" height=\"360\" src=\"https:\/\/tvc16.com\/portal\/wp-content\/uploads\/2023\/09\/maestro-Raphael-Macedo-Orquestra-da-Acao-Social-pela-Musica-do-Brasil.jpeg\" alt=\"\" class=\"wp-image-69244\" srcset=\"https:\/\/tvc16.com\/portal\/wp-content\/uploads\/2023\/09\/maestro-Raphael-Macedo-Orquestra-da-Acao-Social-pela-Musica-do-Brasil.jpeg 532w, https:\/\/tvc16.com\/portal\/wp-content\/uploads\/2023\/09\/maestro-Raphael-Macedo-Orquestra-da-Acao-Social-pela-Musica-do-Brasil-300x203.jpeg 300w\" sizes=\"auto, (max-width: 532px) 100vw, 532px\" \/><\/figure>\n\n\n\n<p>\u201cA Serra Serata tem um significado cultural profundo e o impulso econ\u00f4mico da festa nas atividades tur\u00edsticas \u00e9 uma consequ\u00eancia natural da celebra\u00e7\u00e3o da col\u00f4nia italiana de Petr\u00f3polis\u201d, afirma o presidente do Petr\u00f3polis Convention &amp; Visitors Bureau, Samir el Ghaoui.<\/p>\n\n\n\n<p>Toda a programa\u00e7\u00e3o est\u00e1 dispon\u00edvel nas redes sociais&nbsp;&nbsp;da Casa d\u2019It\u00e1lia (@casaditaliapetropolis) e tamb\u00e9m das entidades que apoiam o evento: Petr\u00f3polis Convention (@visitepetr\u00f3polis), Rua 16 de Mar\u00e7o (@rua16demarco) e Rua Teresa (@ruateresaoficial).<\/p>\n\n\n\n<p><strong>Serra Serata celebra imigrantes italianos que come\u00e7aram a chegar \u00e0 cidade em 1845<\/strong><\/p>\n\n\n\n<p>Os italianos tiveram uma participa\u00e7\u00e3o significativa na hist\u00f3ria de Petr\u00f3polis, contribuindo para a forma\u00e7\u00e3o da cidade e influenciando diversos aspectos de sua cultura e sociedade. A primeira italiana &nbsp;a chegar \u00e0 cidade foi a imperatriz Teresa Cristina Maria, natural de N\u00e1poles. A imigra\u00e7\u00e3o italiana em Petr\u00f3polis aconteceu entre o final do s\u00e9culo XIX e o in\u00edcio do s\u00e9culo XX, se concentrando no Cascatinha e no Alto da Serra. Os imigrantes chegavam em busca de oportunidade de trabalho e formaram a principal m\u00e3o-de-obra para as ind\u00fastrias t\u00eaxteis da \u00e9poca. Em Cascatinha, sede da Companhia Petropolitana de Tecidos, que data de 1873, os italianos respondiam por cerca de 40% da popula\u00e7\u00e3o local.<\/p>\n\n\n\n<p>As tradi\u00e7\u00f5es que foram legadas pelos italianos incluem a influ\u00eancia da f\u00e9 cat\u00f3lica, que enriqueceu nossa cultura com festas e devo\u00e7\u00e3o em bairros italianos. Os jogos de bocha, que at\u00e9 recentemente eram praticados na Pra\u00e7a de Cascatinha, s\u00e3o um exemplo vivo dessa heran\u00e7a. Al\u00e9m disso, a gastronomia italiana desempenha um papel de destaque, com suas tradicionais massas preparadas com receitas caseiras que s\u00e3o transmitidas de gera\u00e7\u00e3o em gera\u00e7\u00e3o.<\/p>\n\n\n\n<p>Dentro desse contexto, a Serra Serata desempenha um papel fundamental ao nos proporcionar uma oportunidade de relembrar a presen\u00e7a marcante dos italianos em nossa hist\u00f3ria e destacar a import\u00e2ncia desse povo na consolida\u00e7\u00e3o urbana de nossa estimada Cidade Imperial. A celebra\u00e7\u00e3o da Serra Serata \u00e9 um tributo \u00e0 rica heran\u00e7a italiana que continua a enriquecer nossa comunidade e a nos conectar com nossas ra\u00edzes hist\u00f3ricas.<\/p>\n\n\n\n<p><strong>Programa\u00e7\u00e3o cultural<\/strong><\/p>\n\n\n\n<p><strong>05\/10<\/strong>&nbsp;\u2013 19h30 \u2013 Jantar de abertura (ades\u00e3o)<\/p>\n\n\n\n<p>Ristorante Luigi<\/p>\n\n\n\n<p><strong>08\/10<\/strong>&nbsp;\u2013 15h \u2013 Pal\u00e1cio de Cristal<\/p>\n\n\n\n<p>Baile Gera\u00e7\u00e3o Prateada<\/p>\n\n\n\n<p><strong>14\/10<\/strong>&nbsp;\u2013 19h \u2013 P\u00e1tio Bar<\/p>\n\n\n\n<p>Festa de encerramento \u2013 show da banda Concreto Humano com repert\u00f3rio de m\u00fasicas italianas eternizadas por Renato Russo<\/p>\n\n\n\n<p><strong>15\/10<\/strong>&#8211; 16h &#8211; Hipershopping<\/p>\n\n\n\n<p>Orquestra da A\u00e7\u00e3o Social pela M\u00fasica do Brasil, sob a reg\u00eancia do maestro Raphael Macedo, com o concerto \u201cViva It\u00e1lia e seus cantares\u201d.<\/p>\n\n\n\n<p><\/p>\n\n\n\n<p><strong>Programa\u00e7\u00e3o de oficinas<\/strong><\/p>\n\n\n\n<p><strong>14\/10 \u2013 13h \u2013 Shopping Arc\u00e1dia<\/strong><\/p>\n\n\n\n<p>Oficina Pasta Alla Teod\u00f3sia<\/p>\n\n\n\n<p>Chefs Maria Cristina e Adriana Marchese<\/p>\n\n\n\n<p><strong>14\/10 \u2013 17h &#8211; Hipershopping<\/strong><\/p>\n\n\n\n<p>Chef d\u2019Tarso e Sous Chef C\u00e1tia Oliveira<\/p>\n\n\n\n<p>Oficina Gnocchi a la Serra Serata<\/p>\n\n\n\n<p><strong>Restaurantes, bares, cafeterias e delicatessens participantes<\/strong><\/p>\n\n\n\n<p>Maffagio<\/p>\n\n\n\n<p>Osteria la Campana<\/p>\n\n\n\n<p>G.R.A.O<\/p>\n\n\n\n<p>Petiscaria Imperial<\/p>\n\n\n\n<p>Katz Chocolates<\/p>\n\n\n\n<p>Bohemia<\/p>\n\n\n\n<p>Duas Torres<\/p>\n\n\n\n<p>Ristorante Luigi<\/p>\n\n\n\n<p>Pasta Way<\/p>\n\n\n\n<p>Redonda Pizzas<\/p>\n\n\n\n<p>Paneteria Petr\u00f3polis<\/p>\n\n\n\n<p>Gargano Redonda<\/p>\n\n\n\n<p>Olivo Cucina Italiana<\/p>\n\n\n\n<p>Brownie do Ton<\/p>\n\n\n\n<p>Nas Nuvens<\/p>\n\n\n\n<p>Maj\u00f3rica<\/p>\n\n\n\n<p>Briza Caf\u00e9 e Restaurante<\/p>\n\n\n\n<p>Massas Scarlatelli<\/p>\n\n\n\n<p>Pizzarela Gourmet<\/p>\n\n\n\n<p>Ary Delicatessen<\/p>\n\n\n\n<p>Red Crepe<\/p>\n\n\n\n<p>Mim\u00f4 Confeitaria e Bistr\u00f4<\/p>\n","protected":false},"excerpt":{"rendered":"<p>A Serra Serata 2023 vai ser aberta nesta quinta-feira (05) com um formato diferente em<\/p>\n","protected":false},"author":2,"featured_media":69242,"comment_status":"open","ping_status":"open","sticky":false,"template":"","format":"standard","meta":{"footnotes":""},"categories":[12],"tags":[],"class_list":["post-69241","post","type-post","status-publish","format-standard","has-post-thumbnail","hentry","category-cidade"],"_links":{"self":[{"href":"https:\/\/tvc16.com\/portal\/wp-json\/wp\/v2\/posts\/69241","targetHints":{"allow":["GET"]}}],"collection":[{"href":"https:\/\/tvc16.com\/portal\/wp-json\/wp\/v2\/posts"}],"about":[{"href":"https:\/\/tvc16.com\/portal\/wp-json\/wp\/v2\/types\/post"}],"author":[{"embeddable":true,"href":"https:\/\/tvc16.com\/portal\/wp-json\/wp\/v2\/users\/2"}],"replies":[{"embeddable":true,"href":"https:\/\/tvc16.com\/portal\/wp-json\/wp\/v2\/comments?post=69241"}],"version-history":[{"count":1,"href":"https:\/\/tvc16.com\/portal\/wp-json\/wp\/v2\/posts\/69241\/revisions"}],"predecessor-version":[{"id":69246,"href":"https:\/\/tvc16.com\/portal\/wp-json\/wp\/v2\/posts\/69241\/revisions\/69246"}],"wp:featuredmedia":[{"embeddable":true,"href":"https:\/\/tvc16.com\/portal\/wp-json\/wp\/v2\/media\/69242"}],"wp:attachment":[{"href":"https:\/\/tvc16.com\/portal\/wp-json\/wp\/v2\/media?parent=69241"}],"wp:term":[{"taxonomy":"category","embeddable":true,"href":"https:\/\/tvc16.com\/portal\/wp-json\/wp\/v2\/categories?post=69241"},{"taxonomy":"post_tag","embeddable":true,"href":"https:\/\/tvc16.com\/portal\/wp-json\/wp\/v2\/tags?post=69241"}],"curies":[{"name":"wp","href":"https:\/\/api.w.org\/{rel}","templated":true}]}}