{"id":69247,"date":"2023-10-02T10:00:00","date_gmt":"2023-10-02T13:00:00","guid":{"rendered":"https:\/\/tvc16.com\/portal\/?p=69247"},"modified":"2023-09-30T21:53:34","modified_gmt":"2023-10-01T00:53:34","slug":"dia-internacional-da-pessoa-idosa-superintendente-de-politicas-para-a-pessoa-idosa-recebe-por-mes-cerca-de-600-denuncias-de-violacoes-de-direitos-de-idosos","status":"publish","type":"post","link":"https:\/\/tvc16.com\/portal\/2023\/10\/02\/dia-internacional-da-pessoa-idosa-superintendente-de-politicas-para-a-pessoa-idosa-recebe-por-mes-cerca-de-600-denuncias-de-violacoes-de-direitos-de-idosos\/","title":{"rendered":"Dia Internacional da Pessoa Idosa: Superintendente de Pol\u00edticas Para a Pessoa Idosa recebe, por m\u00eas, cerca de 600 den\u00fancias de viola\u00e7\u00f5es de direitos de idosos"},"content":{"rendered":"\n<p>A Pesquisa Nacional por Amostra de Domic\u00edlio Cont\u00ednua (PNAD Cont\u00ednua), realizada pelo Instituto Brasileiro de Geografia e Estat\u00edstica (IBGE) em 2022, revelou que a taxa de analfabetismo no Brasil \u00e9 de 5,6%. O n\u00famero, no entanto, \u00e9 maior entre as pessoas com 60 anos ou. No Estado do Rio de Janeiro, das pessoas cadastradas no cad-\u00fanico, temos o quantitativo de 151.469 pessoas com idade acima de 60 anos analfabetas.<\/p>\n\n\n\n<p>O dia 10 de outubro \u00e9 marcado como Dia Nacional e Internacional da Pessoa Idosa. E em 2023, o Estatuto da Pessoa Idosa, que regulariza os direitos assegurados \u00e0s pessoas com idade igual ou superior a 60 anos, comemora 20 anos de vig\u00eancia. No e-mail da Superintend\u00eancia de Pol\u00edticas Para a Pessoa Idosa, da Secretaria de Estado de Desenvolvimento Social e Direitos Humanos do Rio de Janeiro, recebemos, mensalmente, 600 den\u00fancias de viola\u00e7\u00e3o dos direitos da pessoa idosa. Os dados s\u00e3o sinais de alerta, ressalta Simone Tourino, a superintendente da pasta.<\/p>\n\n\n\n<p>\u201cPensar pol\u00edtica p\u00fablica para o envelhecimento, e sobretudo direitos humanos, que \u00e9 minha \u00e1rea, \u00e9 pensar uma articula\u00e7\u00e3o pol\u00edtica. A gente precisa conversar com a educa\u00e7\u00e3o, ou entidades p\u00fablicas e privadas, para garantir o acesso \u00e0 educa\u00e7\u00e3o e as outras pol\u00edticas p\u00fablicas. Precisamos estar juntos pensando estrat\u00e9gias para garantir esse acesso\u201d, explica.<\/p>\n\n\n\n<p>Uma das fun\u00e7\u00f5es da Superintend\u00eancia \u00e9 fomentar pol\u00edticas p\u00fablicas e fazer com que as j\u00e1 existentes sejam, de fato, implementadas com qualidade. Ao identificar qualquer situa\u00e7\u00e3o em que o direito do idoso esteja sendo violado, a superintend\u00eancia pode assessorar equipes t\u00e9cnicas municipais para que o problema seja solucionado, pode ir diretamente ao local, e at\u00e9 solicitar a agentes do Legislativo a implementa\u00e7\u00e3o de novas leis.<\/p>\n\n\n\n<p>Simone revelou que de acordo com o Disque 100, de 2011 a 2019 foram registradas no Estado, 37.979 den\u00fancias de viola\u00e7\u00f5es contra a pessoa idosa. Vale ressaltar que estes n\u00fameros fizeram o Rio de Janeiro liderar o ranking de viola\u00e7\u00f5es contra a pessoa idosa durante esse per\u00edodo. Um n\u00famero alto, e que n\u00e3o pode ficar sem resposta. Dentre os tipos de viola\u00e7\u00f5es, a financeira \u00e9 a que mais vem aumentando nos \u00faltimos anos.<\/p>\n\n\n\n<p>\u201cA popula\u00e7\u00e3o idosa \u00e9 aquela que tem renda garantida todo m\u00eas, por meio das aposentadorias, pens\u00f5es e o benef\u00edcio de presta\u00e7\u00e3o continuada. E detalhe: a grande massa de pessoas que acabam violando direito financeiro e patrimonial da pessoa idosa s\u00e3o familiares. A gente precisa estar atento a esse movimento\u201d, analisa a superintendente.<\/p>\n\n\n\n<p>A Superintend\u00eancia de Pol\u00edticas Para a Pessoa Idosa relata que outra preocupa\u00e7\u00e3o que possui se relaciona \u00e0s Institui\u00e7\u00f5es de Longa Perman\u00eancia, conhecidas antigamente como asilos, pois tem crescido exponencialmente o n\u00famero e muitas n\u00e3o est\u00e3o regularizadas. Acrescentou que teremos que trabalhar com as ILPIS para sua regulariza\u00e7\u00e3o, na perspectiva de garantia dos direitos humanos das pessoas idosas. Acrescentou que temos como modelo de atendimento humanizado e de qualidade no atendimento do Abrigo Cristo Redentor, localizado em Higien\u00f3polis, bairro da zona norte da capital fluminense. Os cerca de 200 moradores vivem num local que \u00e9 refer\u00eancia Estadual e qui\u00e7\u00e1, nacional, em assist\u00eancia \u00e0 pessoa idosa, fruto de um trabalho exemplar da superintendente de Prote\u00e7\u00e3o Especial, Let\u00edcia, da dire\u00e7\u00e3o do abrigo e da equipe t\u00e9cnica do mesmo.<\/p>\n\n\n\n<p>Al\u00e9m disso, mencionou que o setor de comunica\u00e7\u00e3o social elaborou um projeto intitulado \u201c: Os sonhos por tr\u00e1s das lentes no Abrigo Cristo Redentor: arte enquanto estrat\u00e9gia de valoriza\u00e7\u00e3o da vida e enfrentamento ao idadismo\u201d, que aderiu ao projeto junto com a superintend\u00eancia de Prote\u00e7\u00e3o especial &nbsp;est\u00e1 sendo produzida uma mostra fotogr\u00e1fica com os residentes do Abrigo Cristo Redentor e um semin\u00e1rio, de modo a contribuir para desmistificar os preconceitos em rela\u00e7\u00e3o \u00e0 institucionaliza\u00e7\u00e3o, ao envelhecimento, valorizar a experi\u00eancia de vida das pessoas idosas e trabalhar a import\u00e2ncia dessas pessoas idosas para constru\u00e7\u00e3o do nosso Estado, rompendo com o idadismo.<\/p>\n\n\n\n<p>\u201cCom essa mostra a gente vai mostrar que \u00e9 um espa\u00e7o que tem vida. S\u00e3o sujeitos, s\u00e3o bonitos, porque ainda tem tamb\u00e9m a quest\u00e3o do idadismo que acha que quem envelhece \u00e9 feio, porque vivemos na sociedade do consumo, da beleza, do jovem. \u00c9 uma mostra que vai ter junto atividades educativas. Porque tamb\u00e9m h\u00e1 uma associa\u00e7\u00e3o preconceituosa em rela\u00e7\u00e3o aos abrigos como algo de fim da vida, \u201cvou jogar ali porque vai morrer\u201d. Com essa mostra a gente vai demonstrar que \u00e9 um espa\u00e7o que tem vida\u201d conta Simone.<\/p>\n\n\n\n<p>Questionada sobre seu grande objetivo \u00e0 frente da pasta, Simone revela que sonha alto: ela quer a implanta\u00e7\u00e3o de uma pol\u00edtica de prote\u00e7\u00e3o social efetiva para a popula\u00e7\u00e3o idosa do Rio de Janeiro. Quer garantir que as pessoas idosas sejam inclu\u00eddas nas agendas pol\u00edticas dos munic\u00edpios. Que seus direitos humanos sejam garantidos. Que possam ter um lugar de abrigo, ser atendidos nas suas necessidades b\u00e1sicas, ter direito \u00e0 alimenta\u00e7\u00e3o, a um conforto, um carinho, e serem entendidos enquanto seres humanos. Essa prote\u00e7\u00e3o social se dar\u00e1 por meio da implanta\u00e7\u00e3o de equipamentos como centros de conviv\u00eancia, centros-dia, vilas para idosos, etc.<\/p>\n\n\n\n<p>\u201cEu quero que pelo menos a gente consiga, at\u00e9 o final da minha gest\u00e3o, estimular que os munic\u00edpios implementem, pelo menos um em cada regi\u00e3o, Centros Dias. Meu sonho de consumo s\u00e3o as vilas para idosos, enquanto resid\u00eancias coletivas. A gente precisa garantir pelo menos uma vila em cada regi\u00e3o do Estado, um Centro Dia em cada regi\u00e3o do Estado. Acho que essa \u00e9 uma meta poss\u00edvel e necess\u00e1ria para a gente enfrentar o envelhecimento da nossa popula\u00e7\u00e3o\u201d, conclui.<\/p>\n\n\n\n<p>*Simone \u00e9 graduada em servi\u00e7o social, com especializa\u00e7\u00e3o em pol\u00edtica de assist\u00eancia social, mestrado em servi\u00e7o social e doutorado em educa\u00e7\u00e3o. Toda a sua vida acad\u00eamica e profissional \u00e9 voltada \u00e0 \u00e1rea do envelhecimento.<\/p>\n\n\n\n<p><em>N\u00facleo de Comunica\u00e7\u00e3o de Estado &#8211; Foto: Gil Soares<\/em><\/p>\n","protected":false},"excerpt":{"rendered":"<p>A Pesquisa Nacional por Amostra de Domic\u00edlio Cont\u00ednua (PNAD Cont\u00ednua), realizada pelo Instituto Brasileiro de<\/p>\n","protected":false},"author":2,"featured_media":69248,"comment_status":"open","ping_status":"open","sticky":false,"template":"","format":"standard","meta":{"footnotes":""},"categories":[17],"tags":[],"class_list":["post-69247","post","type-post","status-publish","format-standard","has-post-thumbnail","hentry","category-outras-noticias"],"_links":{"self":[{"href":"https:\/\/tvc16.com\/portal\/wp-json\/wp\/v2\/posts\/69247","targetHints":{"allow":["GET"]}}],"collection":[{"href":"https:\/\/tvc16.com\/portal\/wp-json\/wp\/v2\/posts"}],"about":[{"href":"https:\/\/tvc16.com\/portal\/wp-json\/wp\/v2\/types\/post"}],"author":[{"embeddable":true,"href":"https:\/\/tvc16.com\/portal\/wp-json\/wp\/v2\/users\/2"}],"replies":[{"embeddable":true,"href":"https:\/\/tvc16.com\/portal\/wp-json\/wp\/v2\/comments?post=69247"}],"version-history":[{"count":1,"href":"https:\/\/tvc16.com\/portal\/wp-json\/wp\/v2\/posts\/69247\/revisions"}],"predecessor-version":[{"id":69249,"href":"https:\/\/tvc16.com\/portal\/wp-json\/wp\/v2\/posts\/69247\/revisions\/69249"}],"wp:featuredmedia":[{"embeddable":true,"href":"https:\/\/tvc16.com\/portal\/wp-json\/wp\/v2\/media\/69248"}],"wp:attachment":[{"href":"https:\/\/tvc16.com\/portal\/wp-json\/wp\/v2\/media?parent=69247"}],"wp:term":[{"taxonomy":"category","embeddable":true,"href":"https:\/\/tvc16.com\/portal\/wp-json\/wp\/v2\/categories?post=69247"},{"taxonomy":"post_tag","embeddable":true,"href":"https:\/\/tvc16.com\/portal\/wp-json\/wp\/v2\/tags?post=69247"}],"curies":[{"name":"wp","href":"https:\/\/api.w.org\/{rel}","templated":true}]}}