{"id":69250,"date":"2023-10-02T11:00:00","date_gmt":"2023-10-02T14:00:00","guid":{"rendered":"https:\/\/tvc16.com\/portal\/?p=69250"},"modified":"2023-09-30T21:56:15","modified_gmt":"2023-10-01T00:56:15","slug":"cto-promove-mes-inteiro-de-acoes-em-apoio-a-campanha-outubro-rosa-2","status":"publish","type":"post","link":"https:\/\/tvc16.com\/portal\/2023\/10\/02\/cto-promove-mes-inteiro-de-acoes-em-apoio-a-campanha-outubro-rosa-2\/","title":{"rendered":"CTO promove m\u00eas inteiro de a\u00e7\u00f5es em apoio \u00e0 campanha Outubro Rosa"},"content":{"rendered":"\n<p><em>Com o slogan \u201cQuem procura, cura\u201d, unidade de Petr\u00f3polis ter\u00e1 palestras sobre diferentes temas abertas ao p\u00fablico<\/em><\/p>\n\n\n\n<p>O Centro de Terapia Oncol\u00f3gica (CTO) ter\u00e1 um m\u00eas inteiro de a\u00e7\u00f5es em apoio \u00e0 campanha Outubro Rosa. Com o slogan \u201cQuem procura, cura\u201d, a unidade de Petr\u00f3polis ter\u00e1 palestras sobre diferentes temas abertas ao p\u00fablico em geral. O objetivo \u00e9 conscientizar e informar \u00e0 popula\u00e7\u00e3o sobre a import\u00e2ncia do diagn\u00f3stico precoce para o tratamento do c\u00e2ncer de mama.<\/p>\n\n\n\n<p>Dados do Instituto Nacional do C\u00e2ncer (Inca) estimam 73.610 novos casos de c\u00e2ncer de mama no Brasil para o tri\u00eanio 2023 a 2024. A propor\u00e7\u00e3o \u00e9 de 66,54 casos novos a cada 100 mil mulheres. Segundo o Inca, sem considerar os tumores de pele n\u00e3o melanoma, o c\u00e2ncer de mama nas mulheres \u00e9 o mais incidente no pa\u00eds, sendo que o maior risco estimado \u00e9 observado na regi\u00e3o Sudeste, onde a propor\u00e7\u00e3o \u00e9 de 84,46 por 100 mil mulheres.<\/p>\n\n\n\n<p>Oncologista do CTO, Carla Ismael explica que muitas pacientes ainda chegam com tumores de mama em est\u00e1gios avan\u00e7ados e destaca a import\u00e2ncia do diagn\u00f3stico precoce. \u201cSe a mulher notar um n\u00f3dulo na mama, alguma altera\u00e7\u00e3o na pele, n\u00e3o deve ter medo de procurar o m\u00e9dico. Quanto mais cedo a gente diagnostica o c\u00e2ncer de mama, maiores s\u00e3o as chances de cura. N\u00f3s temos muitas mulheres curadas aqui no CTO. \u00c9 importante a gente falar sobre este tema e mostrar que \u00e9 uma doen\u00e7a que tem tratamento e que \u00e9 totalmente cur\u00e1vel\u201d, diz.<\/p>\n\n\n\n<p>A programa\u00e7\u00e3o do Outubro Rosa no CTO come\u00e7a nesta segunda-feira (2), \u00e0s 9h, com uma palestra sobre a import\u00e2ncia da preven\u00e7\u00e3o do c\u00e2ncer de mama. No dia 10 de outubro, \u00e0s 10h, o assunto abordado ser\u00e1: \u201cOs Benef\u00edcios Previdenci\u00e1rios e Assistenciais para o paciente oncol\u00f3gico\u201d. Na semana seguinte, no dia 17 de outubro, \u00e0s 9h, a programa\u00e7\u00e3o continua com orienta\u00e7\u00f5es fisioterap\u00eauticas no autocuidado das pacientes com c\u00e2ncer de mama.<\/p>\n\n\n\n<p>Dando continuidade, no dia 20 de outubro, \u00e0s 14h, o tema da palestra ser\u00e1: \u201cSexualidade e C\u00e2ncer\u201d. J\u00e1 no dia 24 de outubro, \u00e0s 9h, o assunto que ser\u00e1 abordado \u00e9: \u201cImunidade &#8211; O alimento como ferramenta de fortalecimento durante o tratamento oncol\u00f3gico\u201d. Em seguida, \u00e0s 10h, o tema ser\u00e1 \u201cA import\u00e2ncia do exerc\u00edcio f\u00edsico no tratamento oncol\u00f3gico\u201d.<\/p>\n\n\n\n<p>No dia 26 de outubro, \u00e0s 14h, a palestra ser\u00e1 sobre Qualidade de Vida. No dia seguinte, 27 de outubro, \u00e0s 15h, ser\u00e3o abordados os mitos comuns sobre o tratamento do c\u00e2ncer de mama.<\/p>\n\n\n\n<p>E, para encerrar a programa\u00e7\u00e3o do Outubro Rosa no CTO Petr\u00f3polis, no dia 31 de outubro, \u00e0s 10h, a palestra ser\u00e1 sobre os tipos de cirurgia para o c\u00e2ncer de mama.<\/p>\n\n\n\n<p><strong>Programa\u00e7\u00e3o completa<\/strong><\/p>\n\n\n\n<p>02\/10 \u2013 9h &#8211; Preven\u00e7\u00e3o do c\u00e2ncer de mama&nbsp;&nbsp;&nbsp; &nbsp;&nbsp;&nbsp;&nbsp;&nbsp;&nbsp;&nbsp;&nbsp;&nbsp;&nbsp;&nbsp;&nbsp;&nbsp;&nbsp;&nbsp;&nbsp;&nbsp;&nbsp;&nbsp;&nbsp;&nbsp;&nbsp;&nbsp;&nbsp;&nbsp;&nbsp;&nbsp;&nbsp;&nbsp;&nbsp;&nbsp;&nbsp;&nbsp;&nbsp;&nbsp;&nbsp;&nbsp;&nbsp;&nbsp;&nbsp;&nbsp;&nbsp;&nbsp;&nbsp;&nbsp;&nbsp;&nbsp;&nbsp;&nbsp;&nbsp;&nbsp;&nbsp;&nbsp;&nbsp;&nbsp;&nbsp;&nbsp;&nbsp;&nbsp;&nbsp;&nbsp;&nbsp;&nbsp;&nbsp;&nbsp;&nbsp;&nbsp;&nbsp;&nbsp;&nbsp;&nbsp;&nbsp;&nbsp;&nbsp;&nbsp;&nbsp;&nbsp;<\/p>\n\n\n\n<p>10\/10 \u2013 10h &#8211; Benef\u00edcios Previdenci\u00e1rios e Assistenciais para o paciente oncol\u00f3gico&nbsp;&nbsp;&nbsp;<\/p>\n\n\n\n<p>17\/10 \u2013 9h &#8211; Orienta\u00e7\u00f5es fisioterap\u00eauticas no autocuidado das pacientes com c\u00e2ncer de mama&nbsp;&nbsp;&nbsp;&nbsp;&nbsp;<\/p>\n\n\n\n<p>20\/10 \u2013 14h &#8211; Sexualidade e C\u00e2ncer&nbsp;&nbsp;&nbsp;&nbsp;&nbsp;&nbsp;<\/p>\n\n\n\n<p>24\/10 &#8211; 9h &#8211; Imunidade &#8211; O alimento como ferramenta de fortalecimento durante o tratamento oncol\u00f3gico<\/p>\n\n\n\n<p>10h &#8211;&nbsp; A import\u00e2ncia do exerc\u00edcio f\u00edsico no tratamento oncol\u00f3gico&nbsp; &nbsp; &nbsp; &nbsp; &nbsp; &nbsp; &nbsp; &nbsp; &nbsp; &nbsp; &nbsp; &nbsp; &nbsp; &nbsp; &nbsp; &nbsp; &nbsp; &nbsp; &nbsp; &nbsp; &nbsp; &nbsp; &nbsp; &nbsp; &nbsp; &nbsp; &nbsp; &nbsp; &nbsp; &nbsp; &nbsp; &nbsp; &nbsp;&nbsp;<\/p>\n\n\n\n<p>26\/10 \u2013 14h &#8211; Qualidade de vida&nbsp; &nbsp;<\/p>\n\n\n\n<p>27\/10 \u2013 15h -Mitos e verdades sobre o tratamento do c\u00e2ncer de mama&nbsp;<\/p>\n\n\n\n<p>31\/10 \u2013 10h &#8211; Tipos de cirurgia para o c\u00e2ncer de mama&nbsp;&nbsp;&nbsp;&nbsp;&nbsp;&nbsp;&nbsp;&nbsp;<\/p>\n","protected":false},"excerpt":{"rendered":"<p>Com o slogan \u201cQuem procura, cura\u201d, unidade de Petr\u00f3polis ter\u00e1 palestras sobre diferentes temas abertas<\/p>\n","protected":false},"author":2,"featured_media":69251,"comment_status":"open","ping_status":"open","sticky":false,"template":"","format":"standard","meta":{"footnotes":""},"categories":[12],"tags":[],"class_list":["post-69250","post","type-post","status-publish","format-standard","has-post-thumbnail","hentry","category-cidade"],"_links":{"self":[{"href":"https:\/\/tvc16.com\/portal\/wp-json\/wp\/v2\/posts\/69250","targetHints":{"allow":["GET"]}}],"collection":[{"href":"https:\/\/tvc16.com\/portal\/wp-json\/wp\/v2\/posts"}],"about":[{"href":"https:\/\/tvc16.com\/portal\/wp-json\/wp\/v2\/types\/post"}],"author":[{"embeddable":true,"href":"https:\/\/tvc16.com\/portal\/wp-json\/wp\/v2\/users\/2"}],"replies":[{"embeddable":true,"href":"https:\/\/tvc16.com\/portal\/wp-json\/wp\/v2\/comments?post=69250"}],"version-history":[{"count":1,"href":"https:\/\/tvc16.com\/portal\/wp-json\/wp\/v2\/posts\/69250\/revisions"}],"predecessor-version":[{"id":69252,"href":"https:\/\/tvc16.com\/portal\/wp-json\/wp\/v2\/posts\/69250\/revisions\/69252"}],"wp:featuredmedia":[{"embeddable":true,"href":"https:\/\/tvc16.com\/portal\/wp-json\/wp\/v2\/media\/69251"}],"wp:attachment":[{"href":"https:\/\/tvc16.com\/portal\/wp-json\/wp\/v2\/media?parent=69250"}],"wp:term":[{"taxonomy":"category","embeddable":true,"href":"https:\/\/tvc16.com\/portal\/wp-json\/wp\/v2\/categories?post=69250"},{"taxonomy":"post_tag","embeddable":true,"href":"https:\/\/tvc16.com\/portal\/wp-json\/wp\/v2\/tags?post=69250"}],"curies":[{"name":"wp","href":"https:\/\/api.w.org\/{rel}","templated":true}]}}