{"id":69255,"date":"2023-10-01T09:53:20","date_gmt":"2023-10-01T12:53:20","guid":{"rendered":"https:\/\/tvc16.com\/portal\/?p=69255"},"modified":"2023-10-01T09:53:21","modified_gmt":"2023-10-01T12:53:21","slug":"defesa-civil-altera-estagio-operacional-da-cidade-7","status":"publish","type":"post","link":"https:\/\/tvc16.com\/portal\/2023\/10\/01\/defesa-civil-altera-estagio-operacional-da-cidade-7\/","title":{"rendered":"Defesa Civil altera est\u00e1gio operacional da cidade"},"content":{"rendered":"\n<p>A Defesa Civil do munic\u00edpio, \u00e0s 09h45 deste domingo (01), alterou o est\u00e1gio operacional de Petr\u00f3polis para observa\u00e7\u00e3o tendo em vista as condi\u00e7\u00f5es de instabilidade associadas \u00e0 atua\u00e7\u00e3o de um sistema de baixa press\u00e3o no oceano.<\/p>\n\n\n\n<p>Previs\u00e3o meteorol\u00f3gica: tempo inst\u00e1vel no munic\u00edpio de Petr\u00f3polis neste domingo (01), com previs\u00e3o de chuva fraca a moderada ao longo do per\u00edodo e pancadas de chuva moderada a forte a partir do per\u00edodo da tarde, podendo vir acompanhadas de raios e rajadas de vento.<\/p>\n\n\n\n<p>A Defesa Civil pede que a popula\u00e7\u00e3o fique atenta \u00e0s pr\u00f3ximas atualiza\u00e7\u00f5es.<\/p>\n\n\n\n<p>Cadastre o seu CEP atrav\u00e9s do envio de mensagem de texto para o n\u00famero 40199 para receber os alertas e acompanhe o portal da Prefeitura de Petr\u00f3polis.<\/p>\n\n\n\n<p>O boletim meteorol\u00f3gico atualizar\u00e1 a previs\u00e3o do tempo para a cidade, podendo ser acessado atrav\u00e9s do link: http:\/\/www.petropolis.rj.gov.br\/boletim<\/p>\n","protected":false},"excerpt":{"rendered":"<p>A Defesa Civil do munic\u00edpio, \u00e0s 09h45 deste domingo (01), alterou o est\u00e1gio operacional de<\/p>\n","protected":false},"author":2,"featured_media":69256,"comment_status":"open","ping_status":"open","sticky":true,"template":"","format":"standard","meta":{"footnotes":""},"categories":[12],"tags":[],"class_list":["post-69255","post","type-post","status-publish","format-standard","has-post-thumbnail","hentry","category-cidade"],"_links":{"self":[{"href":"https:\/\/tvc16.com\/portal\/wp-json\/wp\/v2\/posts\/69255","targetHints":{"allow":["GET"]}}],"collection":[{"href":"https:\/\/tvc16.com\/portal\/wp-json\/wp\/v2\/posts"}],"about":[{"href":"https:\/\/tvc16.com\/portal\/wp-json\/wp\/v2\/types\/post"}],"author":[{"embeddable":true,"href":"https:\/\/tvc16.com\/portal\/wp-json\/wp\/v2\/users\/2"}],"replies":[{"embeddable":true,"href":"https:\/\/tvc16.com\/portal\/wp-json\/wp\/v2\/comments?post=69255"}],"version-history":[{"count":1,"href":"https:\/\/tvc16.com\/portal\/wp-json\/wp\/v2\/posts\/69255\/revisions"}],"predecessor-version":[{"id":69257,"href":"https:\/\/tvc16.com\/portal\/wp-json\/wp\/v2\/posts\/69255\/revisions\/69257"}],"wp:featuredmedia":[{"embeddable":true,"href":"https:\/\/tvc16.com\/portal\/wp-json\/wp\/v2\/media\/69256"}],"wp:attachment":[{"href":"https:\/\/tvc16.com\/portal\/wp-json\/wp\/v2\/media?parent=69255"}],"wp:term":[{"taxonomy":"category","embeddable":true,"href":"https:\/\/tvc16.com\/portal\/wp-json\/wp\/v2\/categories?post=69255"},{"taxonomy":"post_tag","embeddable":true,"href":"https:\/\/tvc16.com\/portal\/wp-json\/wp\/v2\/tags?post=69255"}],"curies":[{"name":"wp","href":"https:\/\/api.w.org\/{rel}","templated":true}]}}