{"id":6926,"date":"2020-11-28T13:03:08","date_gmt":"2020-11-28T16:03:08","guid":{"rendered":"https:\/\/tvc16.com\/portal\/?p=6926"},"modified":"2020-11-28T13:03:11","modified_gmt":"2020-11-28T16:03:11","slug":"nao-ha-risco-de-desabastecimento-de-aco-diz-representante-de-usinas","status":"publish","type":"post","link":"https:\/\/tvc16.com\/portal\/2020\/11\/28\/nao-ha-risco-de-desabastecimento-de-aco-diz-representante-de-usinas\/","title":{"rendered":"N\u00e3o h\u00e1 risco de desabastecimento de a\u00e7o, diz representante de usinas"},"content":{"rendered":"\n<p>Presidente do Instituto A\u00e7o Brasil descarta possbilidade de falta<\/p>\n\n\n\n<h4 class=\"wp-block-heading\">Por Pedro Rafael Vilela \u2013 Rep\u00f3rter da Ag\u00eancia Brasil &#8211; Bras\u00edlia<\/h4>\n\n\n\n<p>Em encontro nesta sexta-feira (27), representantes da ind\u00fastria de fabrica\u00e7\u00e3o de a\u00e7o garantiram ao presidente Jair Bolsonaro que n\u00e3o h\u00e1 risco de desabastecimento do produto no mercado interno brasileiro. Nas \u00faltimas semanas, circularam informa\u00e7\u00f5es de que os estoques estariam baixos e de que poderia haver falta de a\u00e7o, usado principalmente na constru\u00e7\u00e3o civil, produ\u00e7\u00e3o de m\u00e1quinas e equipamentos e na ind\u00fastria automotiva.<img decoding=\"async\" src=\"https:\/\/agenciabrasil.ebc.com.br\/ebc.png?id=1394784&amp;o=node\"><img decoding=\"async\" src=\"https:\/\/agenciabrasil.ebc.com.br\/ebc.gif?id=1394784&amp;o=node\"><\/p>\n\n\n\n<p>&#8220;O que n\u00f3s mostramos ao presidente e aos ministros \u00e9 que essas informa\u00e7\u00f5es n\u00e3o procedem, porque, desde julho, a ind\u00fastria brasileira est\u00e1 entregando mais no mercado interno do que entregava no in\u00edcio do ano, em janeiro, quando n\u00e3o existia qualquer tipo de reclama\u00e7\u00e3o&#8221;, afirmou o presidente executivo do Instituto A\u00e7o Brasil, Marco Polo de Mello Lopes. Tamb\u00e9m participaram do encontro os ministros da Economia, Paulo Guedes, e da Casa Civil, Braga Netto.&nbsp;<\/p>\n\n\n\n<p>Mello Lopes explicou que, nos primeiros meses da pandemia, por causa da retra\u00e7\u00e3o econ\u00f4mica, empresas que tinham estoques de a\u00e7o acabaram vendendo o produto que estava parado, mas agora, com a retomada, essas companhias est\u00e3o buscando recuperar a reserva do produto. &#8220;Al\u00e9m da demanda normal de todos os setores, todos eles est\u00e3o buscando a reposi\u00e7\u00e3o dos estoques. Existe a\u00ed um momento de ajustamento do mercado, por conta da necessidade de reposi\u00e7\u00e3o de estoques \u2013 isso ficou muito claro para o presidente e os ministros. N\u00e3o existe qualquer risco, qualquer problema&#8221;, afirmou.&nbsp;<\/p>\n\n\n\n<p>Segundo Lopes, o setor de a\u00e7o no Brasil deve crescer 5,8% em 2021. Durante a reuni\u00e3o com Bolsonaro e auxiliares, ele defendeu a necessidade de aumentar a competitividade da ind\u00fastria, o que inclui medidas de desburocratiza\u00e7\u00e3o, carga tribut\u00e1ria e infraestrutura.<\/p>\n\n\n\n<h2 class=\"wp-block-heading\">Exporta\u00e7\u00e3o aos EUA<\/h2>\n\n\n\n<p>Em conversa com a<strong>&nbsp;Ag\u00eancia Brasil<\/strong>&nbsp;ap\u00f3s a reuni\u00e3o, o presidente do Instituto A\u00e7o Brasil mostrou-se otimista com a possibilidade de flexibilizar a atual cota de exporta\u00e7\u00e3o de a\u00e7o para os Estados Unidos (EUA), com a elei\u00e7\u00e3o do Joe Biden, do Partido Democrata, para a Presid\u00eancia da maior economia do planeta.<\/p>\n\n\n\n<p>Em agosto, o governo de Donald Trump, que perdeu a disputa eleitoral para Biden,&nbsp;<a href=\"https:\/\/agenciabrasil.ebc.com.br\/economia\/noticia\/2020-08\/estados-unidos-reduzem-cota-de-importacao-de-aco-do-brasil\" target=\"_blank\" rel=\"noreferrer noopener\">reduziu a cota&nbsp;<\/a>de a\u00e7o semiacabado que o Brasil tem direito de exportar para o mercado norte-americano sem imposi\u00e7\u00e3o de tarifas, como forma de proteger a ind\u00fastria interna do pa\u00eds, que estava em crise.&nbsp;&nbsp;<\/p>\n\n\n\n<p>&#8220;Eu tenho repetido que, historicamente, os democratas sempre foram considerados como os mais protecionistas, mais intervencionistas, mas fato \u00e9 que as medidas mais duras de prote\u00e7\u00e3o ao mercado americano foram tomadas pelos republicanos&#8221;, afirmou Marco Polo de Mello Lopes.<\/p>\n\n\n\n<p>Ele disse que vai aguardar a posse do novo presidente norte-americano para iniciar tratativas destinadas \u00e0 revis\u00e3o dos atuais termos do acordo entre os dois pa\u00edses. &#8220;O que n\u00f3s vamos fazer \u00e9, t\u00e3o logo esse governo esteja constitu\u00eddo, organizar uma miss\u00e3o brasileira para ir at\u00e9 l\u00e1 e tentar convencer a administra\u00e7\u00e3o dos democratas a uma flexibiliza\u00e7\u00e3o do acordo.&#8221;<\/p>\n\n\n\n<p>Edi\u00e7\u00e3o: N\u00e1dia Franco<\/p>\n","protected":false},"excerpt":{"rendered":"<p>Presidente do Instituto A\u00e7o Brasil descarta possbilidade de falta Por Pedro Rafael Vilela \u2013 Rep\u00f3rter<\/p>\n","protected":false},"author":2,"featured_media":6927,"comment_status":"open","ping_status":"open","sticky":false,"template":"","format":"standard","meta":{"footnotes":""},"categories":[14],"tags":[],"class_list":["post-6926","post","type-post","status-publish","format-standard","has-post-thumbnail","hentry","category-pais"],"_links":{"self":[{"href":"https:\/\/tvc16.com\/portal\/wp-json\/wp\/v2\/posts\/6926","targetHints":{"allow":["GET"]}}],"collection":[{"href":"https:\/\/tvc16.com\/portal\/wp-json\/wp\/v2\/posts"}],"about":[{"href":"https:\/\/tvc16.com\/portal\/wp-json\/wp\/v2\/types\/post"}],"author":[{"embeddable":true,"href":"https:\/\/tvc16.com\/portal\/wp-json\/wp\/v2\/users\/2"}],"replies":[{"embeddable":true,"href":"https:\/\/tvc16.com\/portal\/wp-json\/wp\/v2\/comments?post=6926"}],"version-history":[{"count":1,"href":"https:\/\/tvc16.com\/portal\/wp-json\/wp\/v2\/posts\/6926\/revisions"}],"predecessor-version":[{"id":6928,"href":"https:\/\/tvc16.com\/portal\/wp-json\/wp\/v2\/posts\/6926\/revisions\/6928"}],"wp:featuredmedia":[{"embeddable":true,"href":"https:\/\/tvc16.com\/portal\/wp-json\/wp\/v2\/media\/6927"}],"wp:attachment":[{"href":"https:\/\/tvc16.com\/portal\/wp-json\/wp\/v2\/media?parent=6926"}],"wp:term":[{"taxonomy":"category","embeddable":true,"href":"https:\/\/tvc16.com\/portal\/wp-json\/wp\/v2\/categories?post=6926"},{"taxonomy":"post_tag","embeddable":true,"href":"https:\/\/tvc16.com\/portal\/wp-json\/wp\/v2\/tags?post=6926"}],"curies":[{"name":"wp","href":"https:\/\/api.w.org\/{rel}","templated":true}]}}