{"id":69261,"date":"2023-10-02T12:00:00","date_gmt":"2023-10-02T15:00:00","guid":{"rendered":"https:\/\/tvc16.com\/portal\/?p=69261"},"modified":"2023-10-01T10:25:59","modified_gmt":"2023-10-01T13:25:59","slug":"governo-do-estado-do-rio-lanca-cursos-de-capacitacao-profissional-em-petroleo-e-gas","status":"publish","type":"post","link":"https:\/\/tvc16.com\/portal\/2023\/10\/02\/governo-do-estado-do-rio-lanca-cursos-de-capacitacao-profissional-em-petroleo-e-gas\/","title":{"rendered":"Governo do Estado do Rio lan\u00e7a cursos de capacita\u00e7\u00e3o profissional em petr\u00f3leo e g\u00e1s"},"content":{"rendered":"\n<p><em>Projeto-piloto do \u201cQualifica J\u00e1\u201d come\u00e7ou em Campos dos Goytacazes e ser\u00e1 ampliado para outros munic\u00edpios<\/em><\/p>\n\n\n\n<p>A perspectiva de crescimento do mercado de \u00f3leo e g\u00e1s, assim como da ind\u00fastria naval, levou o Governo do Estado do Rio de Janeiro a lan\u00e7ar um projeto-piloto para qualificar profissionais que pretendem atuar no setor e atualizar os que j\u00e1 trabalham no segmento. O primeiro m\u00f3dulo do \u201cQualifica J\u00e1\u201d come\u00e7ou em Campos dos Goytacazes e nesta sexta-feira, (29\/09), 120 alunos receberam certificado de conclus\u00e3o dos cursos de Seguran\u00e7a em Montagem de Andaime e Trabalho em Altura, na cidade.<\/p>\n\n\n\n<p>\u2013 O Estado do Rio de Janeiro responde por mais de 80% do petr\u00f3leo e mais de 70% do g\u00e1s produzido no pa\u00eds. Al\u00e9m disso, as perspectivas de crescimento do mercado de energias renov\u00e1veis s\u00e3o enormes. Temos verificado a necessidade de treinamento n\u00e3o s\u00f3 de novos profissionais, mas tamb\u00e9m a atualiza\u00e7\u00e3o dos que j\u00e1 atuam na \u00e1rea. Por esse motivo, estamos estruturando cursos e estabelecendo conv\u00eanios com as prefeituras. Queremos preparar os nossos trabalhadores para as oportunidades que est\u00e3o por vir \u2013 afirma o governador Cl\u00e1udio Castro.<\/p>\n\n\n\n<p>Os primeiros dois cursos oferecidos s\u00e3o Seguran\u00e7a em Montagem de Andaime e Trabalho em Altura, de acordo com a NR 35. A perspectiva \u00e9 que outros m\u00f3dulos sejam oferecidos, como os de auxiliar de movimenta\u00e7\u00e3o de \u00e1rea (homem de \u00e1rea), brigadista, soldador e caldeireiro. O trabalho, desenvolvido pelas secretarias de estado de Energia e Economia do Mar e Desenvolvimento Econ\u00f4mico, Ind\u00fastria, Com\u00e9rcio e Servi\u00e7os, \u00e9 realizado por meio de parcerias com os munic\u00edpios.<\/p>\n\n\n\n<p>\u2013 Como Estado, temos o papel de verificar os gargalos e atuar em conjunto com as prefeituras e \u00e9 isso o que estamos fazendo. As oportunidades est\u00e3o sendo criadas no Rio de Janeiro e os moradores do estado precisam estar capacitados para conquistar essas posi\u00e7\u00f5es profissionais. O projeto beneficia desde o jovem que busca pelo primeiro emprego ao profissional que precisa atualizar seus certificados para voltar ao mercado de trabalho \u2013 afirma o secret\u00e1rio de Estado de Energia e Economia do Mar, Hugo Leal.<\/p>\n\n\n\n<p>As \u00fanicas exig\u00eancias para participar dos cursos s\u00e3o ter 18 anos ou mais e o Ensino Fundamental II completo. A carga hor\u00e1ria depende do m\u00f3dulo oferecido \u2013 para os cursos de Seguran\u00e7a em Montagem de Andaime e Trabalho em Altura s\u00e3o 16 horas de aula. &nbsp;<\/p>\n\n\n\n<p>\u2013 Estamos realizando conv\u00eanios com as prefeituras pelo per\u00edodo de 15 meses, mas que pode ser ampliado de acordo com a necessidade de cada munic\u00edpio. A proposta do Governo do Estado \u00e9 conversar com os gestores municipais para definir as necessidades de capacita\u00e7\u00e3o local. Destaco que ter profissionais qualificados \u00e9 uma vantagem competitiva importante para o nosso estado. Ou seja, \u00e9 bom para a pessoa que tem a possibilidade de ter uma qualifica\u00e7\u00e3o melhor e renda maior, e \u00e9 bom tamb\u00e9m para a atra\u00e7\u00e3o de investimentos para o estado \u2013 afirma o secret\u00e1rio de Estado de Desenvolvimento Econ\u00f4mico, Ind\u00fastria, Com\u00e9rcio e Servi\u00e7os, Vinicius Farah.<\/p>\n\n\n\n<p><em>N\u00facleo de Imprensa do Governo do Estado do Rio de Janeiro<\/em><\/p>\n","protected":false},"excerpt":{"rendered":"<p>Projeto-piloto do \u201cQualifica J\u00e1\u201d come\u00e7ou em Campos dos Goytacazes e ser\u00e1 ampliado para outros munic\u00edpios<\/p>\n","protected":false},"author":2,"featured_media":69262,"comment_status":"open","ping_status":"open","sticky":false,"template":"","format":"standard","meta":{"footnotes":""},"categories":[17],"tags":[],"class_list":["post-69261","post","type-post","status-publish","format-standard","has-post-thumbnail","hentry","category-outras-noticias"],"_links":{"self":[{"href":"https:\/\/tvc16.com\/portal\/wp-json\/wp\/v2\/posts\/69261","targetHints":{"allow":["GET"]}}],"collection":[{"href":"https:\/\/tvc16.com\/portal\/wp-json\/wp\/v2\/posts"}],"about":[{"href":"https:\/\/tvc16.com\/portal\/wp-json\/wp\/v2\/types\/post"}],"author":[{"embeddable":true,"href":"https:\/\/tvc16.com\/portal\/wp-json\/wp\/v2\/users\/2"}],"replies":[{"embeddable":true,"href":"https:\/\/tvc16.com\/portal\/wp-json\/wp\/v2\/comments?post=69261"}],"version-history":[{"count":1,"href":"https:\/\/tvc16.com\/portal\/wp-json\/wp\/v2\/posts\/69261\/revisions"}],"predecessor-version":[{"id":69263,"href":"https:\/\/tvc16.com\/portal\/wp-json\/wp\/v2\/posts\/69261\/revisions\/69263"}],"wp:featuredmedia":[{"embeddable":true,"href":"https:\/\/tvc16.com\/portal\/wp-json\/wp\/v2\/media\/69262"}],"wp:attachment":[{"href":"https:\/\/tvc16.com\/portal\/wp-json\/wp\/v2\/media?parent=69261"}],"wp:term":[{"taxonomy":"category","embeddable":true,"href":"https:\/\/tvc16.com\/portal\/wp-json\/wp\/v2\/categories?post=69261"},{"taxonomy":"post_tag","embeddable":true,"href":"https:\/\/tvc16.com\/portal\/wp-json\/wp\/v2\/tags?post=69261"}],"curies":[{"name":"wp","href":"https:\/\/api.w.org\/{rel}","templated":true}]}}