{"id":69279,"date":"2023-10-01T15:13:05","date_gmt":"2023-10-01T18:13:05","guid":{"rendered":"https:\/\/tvc16.com\/portal\/?p=69279"},"modified":"2023-10-01T15:19:25","modified_gmt":"2023-10-01T18:19:25","slug":"criancas-transplantadas-entram-em-quadra-durante-homenagem-no-maracanazinho","status":"publish","type":"post","link":"https:\/\/tvc16.com\/portal\/2023\/10\/01\/criancas-transplantadas-entram-em-quadra-durante-homenagem-no-maracanazinho\/","title":{"rendered":"Crian\u00e7as transplantadas entram em quadra durante homenagem no Maracan\u00e3zinho"},"content":{"rendered":"\n<p>Jo\u00e3o, de 11 anos, transplantado de rim, e Laurinha, de 10 anos, transplantada de f\u00edgado, entraram em quadra no Maracan\u00e3zinho, momentos antes da partida entre Brasil e Tch\u00e9quia, pelo pr\u00e9-ol\u00edmpico de v\u00f4lei masculino. A homenagem, alusiva \u00e0 doa\u00e7\u00e3o de \u00f3rg\u00e3os e tecidos, celebra o fim da campanha Setembro Verde deste ano. Durante todo m\u00eas de Setembro, a Secretaria de Estado de Sa\u00fade (SES-RJ), atrav\u00e9s do RJ Transplantes, realizou diversas homenagens a fam\u00edlias doadoras, institui\u00e7\u00f5es parceiras da rede estadual e a transplantados.<\/p>\n\n\n\n<p>Para Alexandre Canduro, essas homenagens durante eventos esportivos s\u00e3o importantes para a conscientiza\u00e7\u00e3o da import\u00e2ncia da doa\u00e7\u00e3o de \u00f3rg\u00e3os. \u201cTer a oportunidade de mostrar a relev\u00e2ncia da doa\u00e7\u00e3o de \u00f3rg\u00e3os em ambientes com presen\u00e7a massiva de torcedores, como o Maracan\u00e3 e o Maracan\u00e3zinho, \u00e9 essencial para o nosso objetivo de salvar mais vidas\u201d, ressaltou.<\/p>\n\n\n\n<p>Al\u00e9m da homenagem no Maracan\u00e3zinho, no s\u00e1bado (30), oito crian\u00e7as e jovens transplantados estiveram nas cadeiras do Maracan\u00e3 e assistiram de perto \u00e0 vit\u00f3ria do Flamengo sobre o Bahia, por 1 a 0, e \u00e0 faixa do RJ Transplantes erguida no intervalo do jogo para mais de 40 mil torcedores.<\/p>\n\n\n\n<figure class=\"wp-block-image size-full\"><img loading=\"lazy\" decoding=\"async\" width=\"889\" height=\"593\" src=\"https:\/\/tvc16.com\/portal\/wp-content\/uploads\/2023\/10\/RJTransplantes-maracana-361.jpg\" alt=\"\" class=\"wp-image-69282\" srcset=\"https:\/\/tvc16.com\/portal\/wp-content\/uploads\/2023\/10\/RJTransplantes-maracana-361.jpg 889w, https:\/\/tvc16.com\/portal\/wp-content\/uploads\/2023\/10\/RJTransplantes-maracana-361-300x200.jpg 300w, https:\/\/tvc16.com\/portal\/wp-content\/uploads\/2023\/10\/RJTransplantes-maracana-361-768x512.jpg 768w\" sizes=\"auto, (max-width: 889px) 100vw, 889px\" \/><\/figure>\n\n\n\n<p>Outras a\u00e7\u00f5es comemorativas do Setembro Verde aconteceram ao longo do m\u00eas, como no \u00faltimo dia 22, quando o RJ Transplantes realizou um evento de conscientiza\u00e7\u00e3o sobre a doa\u00e7\u00e3o de \u00f3rg\u00e3os no audit\u00f3rio da Secretaria de Estado de Sa\u00fade (SES-RJ). Fam\u00edlias doadoras, institui\u00e7\u00f5es parceiras da rede estadual e a equipe do RJ Transplantes foram homenageadas na cerim\u00f4nia \u201cSim! Sou doador de \u00f3rg\u00e3os, e minha fam\u00edlia j\u00e1 sabe\u201d.<\/p>\n\n\n\n<p>O programa estadual comemorou junto com as fam\u00edlias doadoras o \u00f3timo desempenho deste ano, que registra, somente de janeiro a agosto, 856 casos notificados \u00e0 Central Estadual de Transplantes do Rio de Janeiro, al\u00e9m de 263 doadores efetivos, o que representa um aumento de 14% em rela\u00e7\u00e3o a 2022 no mesmo per\u00edodo.<\/p>\n\n\n\n<p>Outras atividades referentes ao m\u00eas dedicado \u00e0 doa\u00e7\u00e3o de \u00f3rg\u00e3os e tecidos aconteceram no dia 27, data em que se comemora o Dia Nacional da Doa\u00e7\u00e3o de \u00d3rg\u00e3os. No Hospital Estadual Alberto Torres (HEAT), em S\u00e3o Gon\u00e7alo, o Jardim do Doador ganhou uma exposi\u00e7\u00e3o fotogr\u00e1fica. Cinco fam\u00edlias doadoras fizeram o plantio de uma muda de jasmim no local que vai crescer e perfumar o ambiente, simbolizando o \u00f3rg\u00e3o vivo que foi transplantado no receptor.<\/p>\n\n\n\n<p>No Hospital Estadual Get\u00falio Vargas, na Zona Norte do Rio, a dire\u00e7\u00e3o do hospital convidou fam\u00edlias de doadores, transplantados e pessoas que est\u00e3o \u00e0 espera de \u00f3rg\u00e3os para a comemora\u00e7\u00e3o do Dia Nacional da Doa\u00e7\u00e3o de \u00d3rg\u00e3os. O evento contou com a apresenta\u00e7\u00e3o do coral de funcion\u00e1rios da unidade e celebrou a inaugura\u00e7\u00e3o do jardim dos doadores e de um mural com fotos em homenagem a eles.<\/p>\n\n\n\n<p>Enquanto no Hospital Estadual Azevedo Lima, foi criada uma galeria do doador com uma cartinha homenageando as fam\u00edlias que disseram sim \u00e0 doa\u00e7\u00e3o.<\/p>\n\n\n\n<p><strong>Como funciona a doa\u00e7\u00e3o de \u00f3rg\u00e3os<\/strong><\/p>\n\n\n\n<p>As doa\u00e7\u00f5es de \u00f3rg\u00e3os no Brasil ocorrem de forma solid\u00e1ria e dependem do \u201csim\u201d dos familiares. Levantamento da Central Estadual de Transplantes aponta ainda que o n\u00famero de negativas, ou seja, quando as fam\u00edlias informam que n\u00e3o desejam doar o \u00f3rg\u00e3o do familiar, vem caindo ano a ano. Em 2015, essa taxa foi de 43%. Em 2022, ficou em 35% das entrevistas realizadas. No primeiro bimestre de 2023, a taxa foi de 33%.<\/p>\n\n\n\n<p>A Central Estadual de Transplantes \u00e9 a estrutura f\u00edsica onde s\u00e3o executadas as a\u00e7\u00f5es relativas ao RJ Transplantes. A Central fiscaliza e atua em todo o processo de doa\u00e7\u00e3o e transplantes de \u00f3rg\u00e3os. Al\u00e9m de receber as notifica\u00e7\u00f5es de morte encef\u00e1lica de todo o Estado do Rio de Janeiro e organizar a cadeia de procedimentos at\u00e9 a doa\u00e7\u00e3o efetiva de um \u00f3rg\u00e3o, a Central Estadual de Transplantes fiscaliza e coordena as inscri\u00e7\u00f5es de receptores, \u00f3rg\u00e3os e hospitais transplantadores, que s\u00e3o inseridos em um software do Minist\u00e9rio da Sa\u00fade. Havendo uma doa\u00e7\u00e3o efetiva, a Central faz a distribui\u00e7\u00e3o dos \u00f3rg\u00e3os de acordo com os crit\u00e9rios estabelecidos pelo Sistema Nacional de Transplantes.<\/p>\n\n\n\n<p><em>N\u00facleo de Comunica\u00e7\u00e3o do Governo do Estado<\/em><\/p>\n","protected":false},"excerpt":{"rendered":"<p>Jo\u00e3o, de 11 anos, transplantado de rim, e Laurinha, de 10 anos, transplantada de f\u00edgado,<\/p>\n","protected":false},"author":2,"featured_media":69280,"comment_status":"open","ping_status":"open","sticky":false,"template":"","format":"standard","meta":{"footnotes":""},"categories":[17],"tags":[],"class_list":["post-69279","post","type-post","status-publish","format-standard","has-post-thumbnail","hentry","category-outras-noticias"],"_links":{"self":[{"href":"https:\/\/tvc16.com\/portal\/wp-json\/wp\/v2\/posts\/69279","targetHints":{"allow":["GET"]}}],"collection":[{"href":"https:\/\/tvc16.com\/portal\/wp-json\/wp\/v2\/posts"}],"about":[{"href":"https:\/\/tvc16.com\/portal\/wp-json\/wp\/v2\/types\/post"}],"author":[{"embeddable":true,"href":"https:\/\/tvc16.com\/portal\/wp-json\/wp\/v2\/users\/2"}],"replies":[{"embeddable":true,"href":"https:\/\/tvc16.com\/portal\/wp-json\/wp\/v2\/comments?post=69279"}],"version-history":[{"count":2,"href":"https:\/\/tvc16.com\/portal\/wp-json\/wp\/v2\/posts\/69279\/revisions"}],"predecessor-version":[{"id":69283,"href":"https:\/\/tvc16.com\/portal\/wp-json\/wp\/v2\/posts\/69279\/revisions\/69283"}],"wp:featuredmedia":[{"embeddable":true,"href":"https:\/\/tvc16.com\/portal\/wp-json\/wp\/v2\/media\/69280"}],"wp:attachment":[{"href":"https:\/\/tvc16.com\/portal\/wp-json\/wp\/v2\/media?parent=69279"}],"wp:term":[{"taxonomy":"category","embeddable":true,"href":"https:\/\/tvc16.com\/portal\/wp-json\/wp\/v2\/categories?post=69279"},{"taxonomy":"post_tag","embeddable":true,"href":"https:\/\/tvc16.com\/portal\/wp-json\/wp\/v2\/tags?post=69279"}],"curies":[{"name":"wp","href":"https:\/\/api.w.org\/{rel}","templated":true}]}}