{"id":69286,"date":"2023-10-01T21:00:00","date_gmt":"2023-10-02T00:00:00","guid":{"rendered":"https:\/\/tvc16.com\/portal\/?p=69286"},"modified":"2023-10-01T19:24:17","modified_gmt":"2023-10-01T22:24:17","slug":"alcoolicos-anonimos-completa-76-anos-no-brasil","status":"publish","type":"post","link":"https:\/\/tvc16.com\/portal\/2023\/10\/01\/alcoolicos-anonimos-completa-76-anos-no-brasil\/","title":{"rendered":"Alco\u00f3licos An\u00f4nimos completa 76 anos no Brasil"},"content":{"rendered":"\n<p>O primeiro contato com o \u00e1lcool geralmente ocorre na adolesc\u00eancia e muitas vezes \u00e9 visto como um rito de passagem. Alguns v\u00e3o conviver harmonicamente com a bebida alco\u00f3lica, mas para muitos, esta rela\u00e7\u00e3o ser\u00e1 conturbada. O excesso acaba interferindo na profiss\u00e3o, nas rela\u00e7\u00f5es familiares e nas amizades.&nbsp;<img decoding=\"async\" src=\"https:\/\/agenciabrasil.ebc.com.br\/ebc.png?id=1558250&amp;o=node\"><img decoding=\"async\" src=\"https:\/\/agenciabrasil.ebc.com.br\/ebc.gif?id=1558250&amp;o=node\"><\/p>\n\n\n\n<p>Foi o que aconteceu com Laura*. A jovem conta que come\u00e7ou a beber ainda aos 13 anos e, em pouco tempo, viu o \u00e1lcool tomar uma dimens\u00e3o cada vez maior em sua vida, ao ponto de come\u00e7ar a beber ainda pela manh\u00e3.&nbsp;<\/p>\n\n\n\n<blockquote class=\"wp-block-quote is-layout-flow wp-block-quote-is-layout-flow\">\n<p>\u201cCom o tempo, toda festa que eu ia eu bebia. Passou mais um tempo, eu comecei a beber antes da festa, durante a festa e depois. Eu n\u00e3o conseguia estudar, n\u00e3o conseguia focar nas coisas que eu precisava focar e eu vi que o \u00e1lcool estava virando um problema na minha vida\u201d, relembra Laura.<\/p>\n<\/blockquote>\n\n\n\n<p>A\u00a0presen\u00e7a do \u00e1lcool foi avassaladora\u00a0tamb\u00e9m para Torres*. O primeiro contato com as bebidas alco\u00f3licas foi logo aos 12 anos.<\/p>\n\n\n\n<p>&#8220;Aos 15 anos, eu j\u00e1 bebia todo final de semana. Aos 25 anos, eu bebia praticamente todos os dias \u00e0 noite. Aos 32 anos eu j\u00e1 bebia pela manh\u00e3. Entre os 30 e 32 anos, come\u00e7aram minhas interna\u00e7\u00f5es por alcoolismo. O alcoolismo vai parando todas as \u00e1reas da vida. a \u00e1rea profissional, a \u00e1rea afetiva, a \u00e1rea espiritual. Vai abandonado todo o contato que eu tinha com uma for\u00e7a maior, natureza, com esporte. A gente vai largando a parte boa da vida e se dedicando a se afundar no alcoolismo\u201d.<\/p>\n\n\n\n<h2 class=\"wp-block-heading\">Irmandade<\/h2>\n\n\n\n<p>Embora com uma grande diferen\u00e7a de idade, as hist\u00f3rias de Laura e Torres se cruzaram em uma das unidades dos\u00a0Alco\u00f3licos An\u00f4nimos\u00a0(AA), na zona sul do Rio de Janeiro. Ali conheceram outras pessoas com o mesmo problema. Atrav\u00e9s dos encontros, no que chamam de irmandade, foram se abrindo e largando a bebida. Hoje\u00a0deixaram totalmente de consumir \u00e1lcool.<\/p>\n\n\n\n<blockquote class=\"wp-block-quote is-layout-flow wp-block-quote-is-layout-flow\">\n<p>\u201cEu me perdi completamente. Foi olhando no espelho e n\u00e3o sabendo mais quem eu era que eu pensei que eu precisava tomar uma atitude. Eu vi no site dos Alco\u00f3licos An\u00f4nimos e no site tem doze perguntas. T\u00e1 escrito que se voc\u00ea&nbsp;responder a quatro&nbsp;perguntas, voc\u00ea pode ter algum problema com o \u00e1lcool. Eu gabaritei\u201d, conta Laura.<\/p>\n<\/blockquote>\n\n\n\n<p>H\u00e1 25 anos no AA, Torres diz que a admiss\u00e3o do problema \u00e9 um passo importante. \u201cQuando a chave vira, quando a admiss\u00e3o do alcoolismo \u00e9 completa, quando eu entendo que perdi o controle da minha vida para o \u00e1lcool, e eu posso n\u00e3o beber um dia de cada vez, como meus companheiros fazem. A chave vira, a mente abre\u201d<\/p>\n\n\n\n<p>O Alco\u00f3licos An\u00f4nimos, entidade criada nos Estados Unidos na d\u00e9cada de 1930, \u00e9 uma porta sempre aberta para quem deseja largar o \u00e1lcool. No Brasil, s\u00e3o 76 anos de atividade, tendo como uma das principais regras o anonimato. Ningu\u00e9m pergunta o nome ou a profiss\u00e3o de quem chega. Cada um pode adotar um apelido e o comparecimento \u00e9 volunt\u00e1rio. Mas o v\u00ednculo que se forma entre os membros da irmandade \u00e9 muito forte. Quando algu\u00e9m sente que est\u00e1 propenso a voltar a beber, liga para um dos companheiros e pede ajuda, e sempre a recebe.&nbsp;<\/p>\n\n\n\n<p>Vice-presidente nacional do AA, a psic\u00f3loga Gabriela Henriques conta que a entidade est\u00e1 sempre aberta&nbsp;em centenas de endere\u00e7os no Brasil para ajudar, de forma gratuita, quem precisa.<\/p>\n\n\n\n<blockquote class=\"wp-block-quote is-layout-flow wp-block-quote-is-layout-flow\">\n<p>\u201cA partir do momento que a pessoa entende que tem uma dificuldade no uso com a bebida alco\u00f3lica, ela pode procurar o Alco\u00f3licos An\u00f4nimos&nbsp;participando&nbsp; de uma reuni\u00e3o, indo ao grupo, pedindo ajuda, que \u00e9 o prop\u00f3sito primordial do AA, que \u00e9 estender a m\u00e3o ao alco\u00f3lico que ainda sofre\u201d.<\/p>\n<\/blockquote>\n\n\n\n<p>Uma das portas de entrada para buscar ajuda \u00e9 a\u00a0p\u00e1gina da entidade na internet, onde \u00e9\u00a0poss\u00edvel saber a localiza\u00e7\u00e3o do AA mais pr\u00f3ximo e at\u00e9 mesmo conversar com algu\u00e9m pelo WhatsApp.\u00a0<\/p>\n\n\n\n<p><em>*os Nomes s\u00e3o fict\u00edcios a pedido dos entrevistados.<\/em><\/p>\n\n\n\n<p><em>Ag\u00eancia Brasil<\/em><\/p>\n","protected":false},"excerpt":{"rendered":"<p>O primeiro contato com o \u00e1lcool geralmente ocorre na adolesc\u00eancia e muitas vezes \u00e9 visto<\/p>\n","protected":false},"author":2,"featured_media":69287,"comment_status":"open","ping_status":"open","sticky":false,"template":"","format":"standard","meta":{"footnotes":""},"categories":[17],"tags":[],"class_list":["post-69286","post","type-post","status-publish","format-standard","has-post-thumbnail","hentry","category-outras-noticias"],"_links":{"self":[{"href":"https:\/\/tvc16.com\/portal\/wp-json\/wp\/v2\/posts\/69286","targetHints":{"allow":["GET"]}}],"collection":[{"href":"https:\/\/tvc16.com\/portal\/wp-json\/wp\/v2\/posts"}],"about":[{"href":"https:\/\/tvc16.com\/portal\/wp-json\/wp\/v2\/types\/post"}],"author":[{"embeddable":true,"href":"https:\/\/tvc16.com\/portal\/wp-json\/wp\/v2\/users\/2"}],"replies":[{"embeddable":true,"href":"https:\/\/tvc16.com\/portal\/wp-json\/wp\/v2\/comments?post=69286"}],"version-history":[{"count":1,"href":"https:\/\/tvc16.com\/portal\/wp-json\/wp\/v2\/posts\/69286\/revisions"}],"predecessor-version":[{"id":69288,"href":"https:\/\/tvc16.com\/portal\/wp-json\/wp\/v2\/posts\/69286\/revisions\/69288"}],"wp:featuredmedia":[{"embeddable":true,"href":"https:\/\/tvc16.com\/portal\/wp-json\/wp\/v2\/media\/69287"}],"wp:attachment":[{"href":"https:\/\/tvc16.com\/portal\/wp-json\/wp\/v2\/media?parent=69286"}],"wp:term":[{"taxonomy":"category","embeddable":true,"href":"https:\/\/tvc16.com\/portal\/wp-json\/wp\/v2\/categories?post=69286"},{"taxonomy":"post_tag","embeddable":true,"href":"https:\/\/tvc16.com\/portal\/wp-json\/wp\/v2\/tags?post=69286"}],"curies":[{"name":"wp","href":"https:\/\/api.w.org\/{rel}","templated":true}]}}