{"id":69298,"date":"2023-10-02T10:09:00","date_gmt":"2023-10-02T13:09:00","guid":{"rendered":"https:\/\/tvc16.com\/portal\/?p=69298"},"modified":"2023-10-02T10:09:01","modified_gmt":"2023-10-02T13:09:01","slug":"prefeitura-e-cmdca-concluem-apuracao-dos-votos-dos-conselhos-tutelares","status":"publish","type":"post","link":"https:\/\/tvc16.com\/portal\/2023\/10\/02\/prefeitura-e-cmdca-concluem-apuracao-dos-votos-dos-conselhos-tutelares\/","title":{"rendered":"Prefeitura e CMDCA concluem apura\u00e7\u00e3o dos votos dos conselhos tutelares"},"content":{"rendered":"\n<p><em>Divulga\u00e7\u00e3o \u00e9 da apura\u00e7\u00e3o das urnas; resultado final da elei\u00e7\u00e3o ainda depende da an\u00e1lise de recursos e eventuais impugna\u00e7\u00f5es<\/em><\/p>\n\n\n\n<p>Apesar da chuva, a movimenta\u00e7\u00e3o nos pontos de vota\u00e7\u00e3o para os tr\u00eas conselhos eleitorais de Petr\u00f3polis foi intensa. A elei\u00e7\u00e3o come\u00e7ou \u00e0s 8h em diversos pontos de vota\u00e7\u00e3o espalhados por toda a cidade. O resultado da apura\u00e7\u00e3o das urnas foi divulgado \u00e0s 20h. Foram eleitos 15 conselheiros \u2013 cinco para cada conselho \u2013 que v\u00e3o atuar por quatro anos.<\/p>\n\n\n\n<p>A apura\u00e7\u00e3o aconteceu na Casa dos Conselhos Municipais Augusto \u00c2ngelo Zanatta e contou com a presen\u00e7a dos promotores da Inf\u00e2ncia e Juventude Odilon Medeiros e Vicente de Paula J\u00fanior, da presidente do Conselho Municipal dos Direitos da Crian\u00e7a e do Adolescente (CMDCA), Luciane Bomtempo, integrantes do conselho, candidatos, membros da comiss\u00e3o organizadora da elei\u00e7\u00e3o e fiscais. Ao todo, foram 7.760 votos.<\/p>\n\n\n\n<p>&#8220;A elei\u00e7\u00e3o para os tr\u00eas conselhos aconteceu dentro da civilidade, o que \u00e9 muito importante, com uma boa participa\u00e7\u00e3o popular. Essa \u00e9 uma elei\u00e7\u00e3o muito importante para as crian\u00e7as e adolescentes da nossa cidade&#8221;, disse o promotor Vicente de Paula J\u00fanior.<\/p>\n\n\n\n<p>O promotor Justi\u00e7a da Inf\u00e2ncia e da Juventude, Odilon Medeiros, tamb\u00e9m destacou a import\u00e2ncia da participa\u00e7\u00e3o popular.. &#8220;Apesar da chuva, a popula\u00e7\u00e3o compareceu ativamente. Vamos ver se teremos um Conselho Tutelar que possa atender bastante a popula\u00e7\u00e3o de Petr\u00f3polis\u201d, frisou o promotor.<\/p>\n\n\n\n<p>O resultado final da elei\u00e7\u00e3o ser\u00e1 divulgado ap\u00f3s a an\u00e1lise de recursos e de eventuais impugna\u00e7\u00f5es. Na quarta-feira (4), o CMDCA vai disponibilizar a todos os candidatos o resultado das urnas digitalizado.<\/p>\n\n\n\n<p>Segue o resultado da apura\u00e7\u00e3o das urnas:<br>Conselho Tutelar 1<br>SUANY PITORRA \u2013 870 votos<br>ALINE ROSA &#8211; 612 votos<br>EVERTON DIAS \u2013 502 votos<br>MESTRE PEQUENO &#8211; 309 votos<br>ANTONIO CESAR \u2013 305 votos<br>MARISE BRAND \u2013 274 votos<br>MARGARETE AMORIM \u2013 229 votos<br>DANI SOUZA \u2013 203 votos<br>LUCAS CARVALHO \u2013 203 votos<br>GISELE BLATT \u2013 184 votos<br>JOELSON CHRISTI \u2013 169 votos<br>KIKA ZARLOTTI \u2013 85 votos<br>FERNANDA DA EDUCA\u00c7\u00c3O \u2013 67 votos<br>DANIELA CAMPOS \u2013 67 votos<br>TALITA NOVAIS &#8211; 60 votos<br>ROBERTA SOUZA \u2013 59 votos<br>PROFESSORA ISABEL &#8211; 58 votos<br>PATRICIA ARAUJO \u2013 40 votos<br>MARIA CLARA ESTEVES \u2013 33 votos<br>IN\u00caS &#8211; 31 votos<br>ROSE BURGER \u2013 30 votos<br>ELAINE MENEZES \u2013 22 votos<br>MENSAGEIRO FGARCIA \u2013 16 votos<\/p>\n\n\n\n<p>Conselho Tutelar 2<br>PRISCILA PIU \u2013 277 votos<br>RAFAEL SOARES \u2013 253 votos<br>DALVA DE JESUS \u2013 231 votos<br>TIO JOILSON \u2013 198 votos<br>NATALIA SILVA \u2013 147 votos<br>D\u00c9BORA MORAVIA \u2013 116 votos<br>MARCILIA ALONSO \u2013 114 votos<br>DUDA FELIX \u2013 111 votos<br>GRAZIELA PEREIRA \u2013 110 votos<br>SORAYA LIMA \u2013 108 votos<br>TIO KAIKE \u2013 68 votos<br>DIEGO DE OLIVEIRA \u2013 65 votos<br>\u00c9RICA MALHEIROS \u2013 21 votos<br>MARIA SILVA \u2013 17 votos<br>TIO MARCOS \u2013 15 votos<br>MARIANA DUQUE \u2013 3 votos<br>ANDERSON OLIVEIRA \u2013 1 voto<\/p>\n\n\n\n<p>Conselho Tutelar 3:<br>JORGE JUNIOR &#8211; 293 votos<br>EMMANUEL NENEL \u2013 196 votos<br>RENAN LIMA KIDS \u2013 183 votos<br>MALCOLN \u2013 162 votos<br>CARLA CARVALHO \u2013 141 votos<br>INGRID ROCHA \u2013 118 votos<br>DEIVID RIBEIRO \u2013 107 votos<br>MARY HELEN \u2013 99 votos<br>LEANDRO DDD \u2013 96 votos<br>TIA TELMA \u2013 42 votos<br>GRAZY COLIBRI \u2013 28 votos<br>CAROL BRUNO \u2013 12 votos<\/p>\n","protected":false},"excerpt":{"rendered":"<p>Divulga\u00e7\u00e3o \u00e9 da apura\u00e7\u00e3o das urnas; resultado final da elei\u00e7\u00e3o ainda depende da an\u00e1lise de<\/p>\n","protected":false},"author":2,"featured_media":69299,"comment_status":"open","ping_status":"open","sticky":false,"template":"","format":"standard","meta":{"footnotes":""},"categories":[12],"tags":[],"class_list":["post-69298","post","type-post","status-publish","format-standard","has-post-thumbnail","hentry","category-cidade"],"_links":{"self":[{"href":"https:\/\/tvc16.com\/portal\/wp-json\/wp\/v2\/posts\/69298","targetHints":{"allow":["GET"]}}],"collection":[{"href":"https:\/\/tvc16.com\/portal\/wp-json\/wp\/v2\/posts"}],"about":[{"href":"https:\/\/tvc16.com\/portal\/wp-json\/wp\/v2\/types\/post"}],"author":[{"embeddable":true,"href":"https:\/\/tvc16.com\/portal\/wp-json\/wp\/v2\/users\/2"}],"replies":[{"embeddable":true,"href":"https:\/\/tvc16.com\/portal\/wp-json\/wp\/v2\/comments?post=69298"}],"version-history":[{"count":1,"href":"https:\/\/tvc16.com\/portal\/wp-json\/wp\/v2\/posts\/69298\/revisions"}],"predecessor-version":[{"id":69300,"href":"https:\/\/tvc16.com\/portal\/wp-json\/wp\/v2\/posts\/69298\/revisions\/69300"}],"wp:featuredmedia":[{"embeddable":true,"href":"https:\/\/tvc16.com\/portal\/wp-json\/wp\/v2\/media\/69299"}],"wp:attachment":[{"href":"https:\/\/tvc16.com\/portal\/wp-json\/wp\/v2\/media?parent=69298"}],"wp:term":[{"taxonomy":"category","embeddable":true,"href":"https:\/\/tvc16.com\/portal\/wp-json\/wp\/v2\/categories?post=69298"},{"taxonomy":"post_tag","embeddable":true,"href":"https:\/\/tvc16.com\/portal\/wp-json\/wp\/v2\/tags?post=69298"}],"curies":[{"name":"wp","href":"https:\/\/api.w.org\/{rel}","templated":true}]}}