{"id":69304,"date":"2023-10-02T12:16:25","date_gmt":"2023-10-02T15:16:25","guid":{"rendered":"https:\/\/tvc16.com\/portal\/?p=69304"},"modified":"2023-10-02T12:16:27","modified_gmt":"2023-10-02T15:16:27","slug":"cinesesc-reune-em-outubro-mostra-de-filmes-nacionais-de-terror-suspense","status":"publish","type":"post","link":"https:\/\/tvc16.com\/portal\/2023\/10\/02\/cinesesc-reune-em-outubro-mostra-de-filmes-nacionais-de-terror-suspense\/","title":{"rendered":"CineSesc re\u00fane em outubro mostra de filmes nacionais de terror suspense\u00a0"},"content":{"rendered":"\n<p>A mostra CineSesc apresenta, em outubro, uma sele\u00e7\u00e3o de filmes nacionais cujos roteiros\u00a0se aventuram pelos elementos do horror e do suspense.\u00a0Com o tema \u201cHorror, suspense e aventura no cinema brasileiro\u201d, as obras ser\u00e3o exibidas, ao longo deste m\u00eas, no Centro Cultural Sesc Quitandinha (CCSQ) e em outras 12 unidades do Sesc RJ.\u00a0A entrada \u00e9 gratuita.\u00a0\u00a0\u00a0\u00a0\u00a0\u00a0\u00a0\u00a0\u00a0<\/p>\n\n\n\n<p>As narrativas utilizam os mais diversos c\u00f3digos dos g\u00eaneros para afetar o seu espectador: do uso abundante de sangue e v\u00edsceras ao drama familiar atmosf\u00e9rico repleto de suspense; dos dilemas da adolesc\u00eancia enfrentados por amigos, regados com muita teoria qu\u00e2ntica e horror at\u00e9 \u00e0 descoberta de uma passagem secreta ins\u00f3lita por um grupo de crian\u00e7as.&nbsp;As obras em cartaz s\u00e3o os longa-metragem&nbsp;\u201cA noite amarela\u201d, \u201cA sombra do pai\u201d, \u201cO cemit\u00e9rio das almas perdidas\u201d e \u201cPassagem secreta\u201d.&nbsp;<\/p>\n\n\n\n<p>Os filmes est\u00e3o em cartaz em 13 unidades do Sesc RJ, sendo quatro delas na capital (Copacabana, Madureira, Tijuca e Arte Sesc, no Flamengo). As demais s\u00e3o Barra Mansa, Campos, Duque de Caxias, Niter\u00f3i, Nova Igua\u00e7u, S\u00e3o Gon\u00e7alo, Nova Friburgo, Teres\u00f3polis e no Centro Cultural Sesc Quitandinha, em Petr\u00f3polis.&nbsp;<strong><em>Veja a programa\u00e7\u00e3o por unidade e leia as sinopses abaixo.<\/em><\/strong>&nbsp;<\/p>\n\n\n\n<p>Com foco em produ\u00e7\u00f5es de diversos estilos e pa\u00edses que tiveram pouco destaque no circuito comercial brasileiro, o projeto CineSesc tem o objetivo de fomentar o debate acerca dos filmes e propor uma reflex\u00e3o a partir de seus temas e de suas narrativas. Confira a agenda e as sinopses para todo o estado abaixo ou no site&nbsp;<a href=\"https:\/\/na01.safelinks.protection.outlook.com\/?url=http%3A%2F%2Fwww.sescrio.org.br%2F&amp;data=05%7C01%7C%7Ca6335a44acac47492a3708dbc34ac1a3%7C84df9e7fe9f640afb435aaaaaaaaaaaa%7C1%7C0%7C638318498205684570%7CUnknown%7CTWFpbGZsb3d8eyJWIjoiMC4wLjAwMDAiLCJQIjoiV2luMzIiLCJBTiI6Ik1haWwiLCJXVCI6Mn0%3D%7C3000%7C%7C%7C&amp;sdata=BYPRP4gl2RcWCO87mlcjPRib%2BOtfFzrDBZuGC3mXDgk%3D&amp;reserved=0\" target=\"_blank\" rel=\"noreferrer noopener\">sescrio.org.br<\/a><em>&nbsp;<\/em><\/p>\n\n\n\n<p><strong><u>Programa\u00e7\u00e3o por unidade<\/u><\/strong><\/p>\n\n\n\n<p><strong>Centro Cultural Sesc Quitandinha&nbsp;(CCSQ)<\/strong><strong>&nbsp;<\/strong><\/p>\n\n\n\n<p>A noite amarela: 3\/10, 15h; 11\/10, 15h&nbsp;<\/p>\n\n\n\n<p>A sombra do pai: 4\/10, 15h; 18\/10, 15h&nbsp;<\/p>\n\n\n\n<p>O cemit\u00e9rio das almas perdidas: 5\/10, 15h; 10\/10, 15h&nbsp;<\/p>\n\n\n\n<p>Passagem secreta: 17\/10, 15h; 19\/10, 15h&nbsp;&nbsp;<\/p>\n\n\n\n<p><strong><u>Sinopses dos filmes<\/u><\/strong><\/p>\n\n\n\n<p><strong>A noite amarela&nbsp;<\/strong><\/p>\n\n\n\n<p><em>Dire\u00e7\u00e3o de Ramon Porto Mota | Brasil | 2019 | 102 min | Fic\u00e7\u00e3o | 12 anos&nbsp;<\/em><\/p>\n\n\n\n<p>Um grupo de amigos viaja at\u00e9 uma casa de praia, situada em uma pequena ilha do nordeste brasileiro, para celebrar o fim do ensino m\u00e9dio. Na medida em que o tempo passa, as brincadeiras e festas s\u00e3o gradativamente interrompidas pela sensa\u00e7\u00e3o de que aquele lugar abriga um horror insond\u00e1vel; uma profunda estranheza os espreita atrav\u00e9s dos limites da percep\u00e7\u00e3o humana, enquanto uma morte colossal, silenciosa e arrepiante os aguarda.&nbsp;<\/p>\n\n\n\n<p><strong>A sombra do pai&nbsp;<\/strong><\/p>\n\n\n\n<p><em>Dire\u00e7\u00e3o de Gabriela Amaral Almeida | Brasil | 2018 | 90 min | Fic\u00e7\u00e3o | 16 anos&nbsp;<\/em><\/p>\n\n\n\n<p>O filme conta a hist\u00f3ria de um pai e uma filha que n\u00e3o conseguem se comunicar. \u00d3rf\u00e3 de m\u00e3e, Dalva, 9 anos, v\u00ea o seu pai, o pedreiro Jorge, ser consumido pela tristeza ap\u00f3s perder o melhor amigo. Dalva acredita ter poderes sobrenaturais e ser capaz de trazer a m\u00e3e de volta \u00e0 vida. \u00c0 medida que Jorge se torna mais ausente, e eventualmente perigoso, resta a Dalva a esperan\u00e7a de que sua m\u00e3e h\u00e1 de voltar.&nbsp;<\/p>\n\n\n\n<p><strong>O cemit\u00e9rio das almas perdidas&nbsp;<\/strong><\/p>\n\n\n\n<p><em>Dire\u00e7\u00e3o de Rodrigo Arag\u00e3o | Brasil | 2020 | 95 min | Fic\u00e7\u00e3o | 16 anos&nbsp;<\/em><\/p>\n\n\n\n<p>Corrompido pelo poder do livro negro de Cipriano, um jesu\u00edta e seus seguidores iniciam um reinado de terror no Brasil colonial, at\u00e9 serem amaldi\u00e7oados a viver eternamente presos sob os t\u00famulos de um cemit\u00e9rio. Agora, s\u00e9culos depois, eles est\u00e3o prontos para se libertar e espalhar sua maldade em todo o mundo.&nbsp;<\/p>\n\n\n\n<p><strong>Passagem secreta&nbsp;<\/strong><\/p>\n\n\n\n<p><em>Dire\u00e7\u00e3o de Rodrigo Grota | Brasil | 2021 | 95 min | Fic\u00e7\u00e3o | 10 anos&nbsp;<\/em><\/p>\n\n\n\n<p>Alice \u00e9 obrigada a se mudar sozinha para uma pequena cidade, onde encontra um novo grupo de amigos. Ao invadir um parque de divers\u00f5es para resgatar um dos seus colegas, Alice descobre segredos sobre a sua identidade e precisa fazer escolhas.&nbsp;<\/p>\n","protected":false},"excerpt":{"rendered":"<p>A mostra CineSesc apresenta, em outubro, uma sele\u00e7\u00e3o de filmes nacionais cujos roteiros\u00a0se aventuram pelos<\/p>\n","protected":false},"author":2,"featured_media":69306,"comment_status":"open","ping_status":"open","sticky":false,"template":"","format":"standard","meta":{"footnotes":""},"categories":[12],"tags":[],"class_list":["post-69304","post","type-post","status-publish","format-standard","has-post-thumbnail","hentry","category-cidade"],"_links":{"self":[{"href":"https:\/\/tvc16.com\/portal\/wp-json\/wp\/v2\/posts\/69304","targetHints":{"allow":["GET"]}}],"collection":[{"href":"https:\/\/tvc16.com\/portal\/wp-json\/wp\/v2\/posts"}],"about":[{"href":"https:\/\/tvc16.com\/portal\/wp-json\/wp\/v2\/types\/post"}],"author":[{"embeddable":true,"href":"https:\/\/tvc16.com\/portal\/wp-json\/wp\/v2\/users\/2"}],"replies":[{"embeddable":true,"href":"https:\/\/tvc16.com\/portal\/wp-json\/wp\/v2\/comments?post=69304"}],"version-history":[{"count":1,"href":"https:\/\/tvc16.com\/portal\/wp-json\/wp\/v2\/posts\/69304\/revisions"}],"predecessor-version":[{"id":69307,"href":"https:\/\/tvc16.com\/portal\/wp-json\/wp\/v2\/posts\/69304\/revisions\/69307"}],"wp:featuredmedia":[{"embeddable":true,"href":"https:\/\/tvc16.com\/portal\/wp-json\/wp\/v2\/media\/69306"}],"wp:attachment":[{"href":"https:\/\/tvc16.com\/portal\/wp-json\/wp\/v2\/media?parent=69304"}],"wp:term":[{"taxonomy":"category","embeddable":true,"href":"https:\/\/tvc16.com\/portal\/wp-json\/wp\/v2\/categories?post=69304"},{"taxonomy":"post_tag","embeddable":true,"href":"https:\/\/tvc16.com\/portal\/wp-json\/wp\/v2\/tags?post=69304"}],"curies":[{"name":"wp","href":"https:\/\/api.w.org\/{rel}","templated":true}]}}