{"id":69311,"date":"2023-10-02T12:32:27","date_gmt":"2023-10-02T15:32:27","guid":{"rendered":"https:\/\/tvc16.com\/portal\/?p=69311"},"modified":"2023-10-02T12:32:28","modified_gmt":"2023-10-02T15:32:28","slug":"missao-de-conselho-tutelar-e-olhar-para-direitos-das-criancas","status":"publish","type":"post","link":"https:\/\/tvc16.com\/portal\/2023\/10\/02\/missao-de-conselho-tutelar-e-olhar-para-direitos-das-criancas\/","title":{"rendered":"Miss\u00e3o de Conselho Tutelar \u00e9 olhar para direitos das crian\u00e7as"},"content":{"rendered":"\n<h3 class=\"wp-block-heading\">Secret\u00e1rio diz que toda pauta fora disso n\u00e3o \u00e9 atribui\u00e7\u00e3o do conselho<\/h3>\n\n\n\n<h4 class=\"wp-block-heading\">Por Daniella Almeida &#8211; Rep\u00f3rter da Ag\u00eancia Brasil &#8211; Bras\u00edlia<audio src=\"https:\/\/tts-app.ebc.com.br\/media\/tts\/210641.mp3\"><\/audio><\/h4>\n\n\n\n<p>O secret\u00e1rio Nacional dos Direitos da Crian\u00e7a e do Adolescente, do Minist\u00e9rio dos Direitos Humanos e da Cidadania (MDHC), Cl\u00e1udio Augusto Vieira, comentou, na noite desse domingo (1\u00ba), a mobiliza\u00e7\u00e3o &#8211; nas redes sociais &#8211; para chamar a popula\u00e7\u00e3o para votar nas elei\u00e7\u00f5es para conselheiros tutelares em todo o Brasil.<img decoding=\"async\" src=\"https:\/\/agenciabrasil.ebc.com.br\/ebc.png?id=1558582&amp;o=node\"><img decoding=\"async\" src=\"https:\/\/agenciabrasil.ebc.com.br\/ebc.gif?id=1558582&amp;o=node\"><\/p>\n\n\n\n<p>O pleito foi marcado pela&nbsp;<a href=\"http:\/\/agenciabrasil.ebc.com.br\/direitos-humanos\/noticia\/2023-09\/mpf-cobra-acao-contra-abuso-religioso-na-eleicao-do-conselho-tutelar\" target=\"_blank\" rel=\"noreferrer noopener\">polariza\u00e7\u00e3o<\/a>&nbsp;entre candidatos e eleitores conservadores e progressistas nas \u00faltimas semanas.&nbsp;<a href=\"http:\/\/agenciabrasil.ebc.com.br\/direitos-humanos\/noticia\/2023-09\/mpf-cobra-acao-contra-abuso-religioso-na-eleicao-do-conselho-tutelar\" target=\"_blank\" rel=\"noreferrer noopener\">Abusos religiosos<\/a>&nbsp;foram alvo do Minist\u00e9rio P\u00fablico Federal, no Rio de Janeiro.<\/p>\n\n\n\n<p>Segundo Cl\u00e1udio, a veicula\u00e7\u00e3o de informa\u00e7\u00f5es falsas n\u00e3o \u00e9 fun\u00e7\u00e3o dos conselheiros tutelares. &#8220;O Conselho Tutelar tem uma \u00fanica miss\u00e3o, cuidar, fiscalizar e olhar para a crian\u00e7a e para os direitos das crian\u00e7as e dos adolescentes. Toda pauta fora disso n\u00e3o \u00e9 tarefa do conselho tutelar&#8221;, acentuou.<\/p>\n\n\n\n<p>Ele afirmou que o MDHC percebeu a movimenta\u00e7\u00e3o que abordou pautas n\u00e3o relacionadas \u00e0 atua\u00e7\u00e3o do Conselho Tutelar, &#8220;Infelizmente essas coisas v\u00e3o ocorrendo&#8221;, lamentou.<\/p>\n\n\n\n<blockquote class=\"wp-block-quote is-layout-flow wp-block-quote-is-layout-flow\">\n<p>&#8220;Ele [o conselho tutelar] \u00e9 o \u00f3rg\u00e3o principal para o cuidado, o trabalho preliminar, a porta de entrada para a prote\u00e7\u00e3o aos direitos de crian\u00e7as e adolescentes. Conselho tutelar \u00e9 isso. Fora disso n\u00e3o se est\u00e1 falando mais de a\u00e7\u00e3o de conselho tutelar&#8221;, frisou o secret\u00e1rio Cl\u00e1udio Vieira.<\/p>\n<\/blockquote>\n\n\n\n<p>Ele entende que alguns candidatos a&nbsp;conselheiros n\u00e3o entenderam muito bem o papel a ser desempenhado e a fun\u00e7\u00e3o dos conselhos tutelares, definidos no Estatuto da Crian\u00e7a e do Adolescente (ECA). Mas, acredita que o pa\u00eds caminha para um entendimento maior dessas quest\u00f5es.<\/p>\n\n\n\n<p>&#8220;Esse processo nacionalizado vai fazendo essa depura\u00e7\u00e3o necess\u00e1ria para o entendimento das atribui\u00e7\u00f5es desse \u00f3rg\u00e3o t\u00e3o importante, que o Estatuto da Crian\u00e7a e Adolescente criou, no sentido da municipaliza\u00e7\u00e3o e da descentraliza\u00e7\u00e3o das pol\u00edticas de atendimento dos adolescentes. E, com o tempo, com os anos, com os dias passando, n\u00f3s vamos superando essas dificuldades, que j\u00e1 foram muito maiores&#8221;, frisou.<\/p>\n\n\n\n<p>No domingo, o&nbsp;<a href=\"http:\/\/agenciabrasil.ebc.com.br\/direitos-humanos\/noticia\/2023-10\/eleicao-para-conselhos-tutelares-sera-aprimorada-afirma-ministro\" target=\"_blank\" rel=\"noreferrer noopener\">ministro dos Direitos Humanos e da Cidadania, Silvio Almeida<\/a>, ao votar em S\u00e3o Paulo, disse que o minist\u00e9rio responsabilizar\u00e1 os conselheiros que se distanciarem da miss\u00e3o que deveriam cumprir. &#8220;Eles s\u00e3o funcion\u00e1rios, agentes p\u00fablicos e devem ser valorizados por isso, mas tamb\u00e9m t\u00eam que ter a responsabilidade que t\u00eam os servidores p\u00fablicos. O Conselho Tutelar n\u00e3o serve para se fazer proselitismo, nem pol\u00edtico, nem religioso. Simplesmente, [deve] ter em mente, como objetivo, o cuidado de crian\u00e7as e adolescentes, conforme determina a lei&#8221;, refor\u00e7ou.<\/p>\n\n\n\n<h2 class=\"wp-block-heading\">Abusos vetados<\/h2>\n\n\n\n<p>A resolu\u00e7\u00e3o n\u00b0 232, do Conselho Nacional dos Direitos da Crian\u00e7a e do Adolescente&nbsp;<a href=\"http:\/\/www.gov.br\/participamaisbrasil\/blob\/baixar\/21417\" target=\"_blank\" rel=\"noreferrer noopener\">(Conanda)<\/a>, publicada em dezembro de 2022, que foi empregada pela primeira vez nas elei\u00e7\u00f5es de conselheiros deste ano, estabeleceu &nbsp;como condutas proibidas na campanha para conselheiros os abusos de poder pol\u00edtico, econ\u00f4mico e religioso.<\/p>\n\n\n\n<p>O membro auxiliar da Comiss\u00e3o da Inf\u00e2ncia, Juventude e Educa\u00e7\u00e3o do Conselho Nacional do Minist\u00e9rio P\u00fablico (CNMP) e promotor de justi\u00e7a do Minist\u00e9rio P\u00fablico de Santa Catarina, Jo\u00e3o Luiz de Carvalho Botega, destacou que as condutas proibidas dever\u00e3o ser denunciadas ao Conselho de Direitos Humanos municipal e ao Minist\u00e9rio P\u00fablico ou ao sistema judici\u00e1rio.<\/p>\n\n\n\n<p>&nbsp;&#8220;O importante \u00e9 que uma den\u00fancia deve vir acompanhada de provas para que os conselhos possam tomar as decis\u00f5es pertinentes. N\u00e3o \u00e9 s\u00f3 de ouvir falar, tem que ter um conjunto de provas porque s\u00e3o coisas muito graves. Por exemplo, abuso de poder econ\u00f4mico, abuso de discurso religioso&#8230;s\u00e3o coisas fora do \u00e2mbito da atividade do Conselho Tutelar&#8221;, esclareceu o promotor.<\/p>\n\n\n\n<p>A resolu\u00e7\u00e3o do Conanda prev\u00ea ainda que, se comprovadas as den\u00fancias, mesmo ap\u00f3s ser garantido o direito de ampla defesa, os conselheiros eleitos com irregularidades poder\u00e3o ser afastados dos cargos.<\/p>\n\n\n\n<p>Edi\u00e7\u00e3o: Kleber Sampaio<\/p>\n","protected":false},"excerpt":{"rendered":"<p>Secret\u00e1rio diz que toda pauta fora disso n\u00e3o \u00e9 atribui\u00e7\u00e3o do conselho Por Daniella Almeida<\/p>\n","protected":false},"author":2,"featured_media":69312,"comment_status":"open","ping_status":"open","sticky":false,"template":"","format":"standard","meta":{"footnotes":""},"categories":[17],"tags":[],"class_list":["post-69311","post","type-post","status-publish","format-standard","has-post-thumbnail","hentry","category-outras-noticias"],"_links":{"self":[{"href":"https:\/\/tvc16.com\/portal\/wp-json\/wp\/v2\/posts\/69311","targetHints":{"allow":["GET"]}}],"collection":[{"href":"https:\/\/tvc16.com\/portal\/wp-json\/wp\/v2\/posts"}],"about":[{"href":"https:\/\/tvc16.com\/portal\/wp-json\/wp\/v2\/types\/post"}],"author":[{"embeddable":true,"href":"https:\/\/tvc16.com\/portal\/wp-json\/wp\/v2\/users\/2"}],"replies":[{"embeddable":true,"href":"https:\/\/tvc16.com\/portal\/wp-json\/wp\/v2\/comments?post=69311"}],"version-history":[{"count":1,"href":"https:\/\/tvc16.com\/portal\/wp-json\/wp\/v2\/posts\/69311\/revisions"}],"predecessor-version":[{"id":69313,"href":"https:\/\/tvc16.com\/portal\/wp-json\/wp\/v2\/posts\/69311\/revisions\/69313"}],"wp:featuredmedia":[{"embeddable":true,"href":"https:\/\/tvc16.com\/portal\/wp-json\/wp\/v2\/media\/69312"}],"wp:attachment":[{"href":"https:\/\/tvc16.com\/portal\/wp-json\/wp\/v2\/media?parent=69311"}],"wp:term":[{"taxonomy":"category","embeddable":true,"href":"https:\/\/tvc16.com\/portal\/wp-json\/wp\/v2\/categories?post=69311"},{"taxonomy":"post_tag","embeddable":true,"href":"https:\/\/tvc16.com\/portal\/wp-json\/wp\/v2\/tags?post=69311"}],"curies":[{"name":"wp","href":"https:\/\/api.w.org\/{rel}","templated":true}]}}