{"id":69317,"date":"2023-10-02T13:16:55","date_gmt":"2023-10-02T16:16:55","guid":{"rendered":"https:\/\/tvc16.com\/portal\/?p=69317"},"modified":"2023-10-02T13:16:56","modified_gmt":"2023-10-02T16:16:56","slug":"brasil-assume-presidencia-do-conselho-de-seguranca-da-onu","status":"publish","type":"post","link":"https:\/\/tvc16.com\/portal\/2023\/10\/02\/brasil-assume-presidencia-do-conselho-de-seguranca-da-onu\/","title":{"rendered":"Brasil assume presid\u00eancia do Conselho de Seguran\u00e7a da ONU\u00a0"},"content":{"rendered":"\n<h3 class=\"wp-block-heading\">Pa\u00eds vai defender import\u00e2ncias das institui\u00e7\u00f5es para mediar conflitos<\/h3>\n\n\n\n<h4 class=\"wp-block-heading\"> Por Andreia Verd\u00e9lio &#8211; Rep\u00f3rter da Ag\u00eancia Brasil &#8211; Bras\u00edlia<audio src=\"https:\/\/tts-app.ebc.com.br\/media\/tts\/210644.mp3\"><\/audio><\/h4>\n\n\n\n<p>O Brasil assumiu&nbsp;nesse domingo (1\u00ba), pelo per\u00edodo de um m\u00eas, a presid\u00eancia do Conselho de Seguran\u00e7a das Na\u00e7\u00f5es Unidas (ONU). Entre os temas que o pa\u00eds vai defender, o principal \u00e9 a import\u00e2ncia das institui\u00e7\u00f5es bilaterais, regionais e multilaterais para prevenir, resolver e mediar conflitos.&nbsp;<img decoding=\"async\" src=\"https:\/\/agenciabrasil.ebc.com.br\/ebc.png?id=1558589&amp;o=node\"><img decoding=\"async\" src=\"https:\/\/agenciabrasil.ebc.com.br\/ebc.gif?id=1558589&amp;o=node\"><\/p>\n\n\n\n<p>O ministro das Rela\u00e7\u00f5es Exteriores, Mauro Vieira, presidir\u00e1 uma audi\u00eancia sobre essa quest\u00e3o no dia 20 de outubro. &nbsp;<\/p>\n\n\n\n<p>\u201cVamos trazer este m\u00eas a ideia de que o Conselho de Seguran\u00e7a deveria tratar mais amplamente dos instrumentos que as Na\u00e7\u00f5es Unidas, os pa\u00edses e as organiza\u00e7\u00f5es regionais t\u00eam para prevenir os conflitos e n\u00e3o s\u00f3 tratar deles depois que ocorrem. Um refor\u00e7o da diplomacia bilateral, regional e multilateral para prevenir a eclos\u00e3o de conflitos\u201d, explicou o secret\u00e1rio de Assuntos Multilaterais e Pol\u00edticos do Minist\u00e9rio das Rela\u00e7\u00f5es Exteriores, embaixador Carlos M\u00e1rcio Cozendey, em entrevista sexta-feira (29).&nbsp;<\/p>\n\n\n\n<p>Como exemplo, ele citou o tratado de Tlatelolco, firmado em 1967 pelos 33 pa\u00edses da Am\u00e9rica Latina e Caribe, para garantir a n\u00e3o prolifera\u00e7\u00e3o de armas nucleares na regi\u00e3o.<\/p>\n\n\n\n<p>Segundo o diplomata, outros temas ser\u00e3o abordados ao longo do m\u00eas na presid\u00eancia brasileira do Conselho de Seguran\u00e7a: a poss\u00edvel miss\u00e3o de apoio \u00e0s&nbsp;<a href=\"https:\/\/agenciabrasil.ebc.com.br\/internacional\/noticia\/2023-06\/brasil-estuda-formas-de-auxiliar-o-haiti-no-combate-violencia\" target=\"_blank\" rel=\"noreferrer noopener\">for\u00e7as de seguran\u00e7a do Haiti<\/a>; a manuten\u00e7\u00e3o da miss\u00e3o da ONU que supervisiona as&nbsp;<a href=\"https:\/\/agenciabrasil.ebc.com.br\/internacional\/noticia\/2023-06\/governo-da-colombia-e-rebeldes-fazem-acordo-de-cessar-fogo\" target=\"_blank\" rel=\"noreferrer noopener\">negocia\u00e7\u00f5es de paz na Col\u00f4mbia<\/a>; e, possivelmente, quest\u00f5es relativas \u00e0<a href=\"https:\/\/agenciabrasil.ebc.com.br\/internacional\/noticia\/2023-09\/ucrania-diz-tribunal-da-onu-que-russia-mente-para-justificar-guerra\" target=\"_blank\" rel=\"noreferrer noopener\">&nbsp;guerra entre Ucr\u00e2nia e R\u00fassia<\/a>.<\/p>\n\n\n\n<h2 class=\"wp-block-heading\">Reforma&nbsp;<\/h2>\n\n\n\n<p>Institu\u00eddo ap\u00f3s a Segunda Guerra Mundial, em 1948, para zelar pela manuten\u00e7\u00e3o da paz e da seguran\u00e7a internacional, o Conselho de Seguran\u00e7a da ONU tem cinco membros permanentes \u2013 China, Estados Unidos, Fran\u00e7a, Reino Unido e R\u00fassia \u2013 e um grupo de 10 membros n\u00e3o permanentes com mandatos de dois anos.&nbsp;<\/p>\n\n\n\n<p>Atualmente, ocupam as vagas rotativas Brasil, Alb\u00e2nia, Equador, Emirados \u00c1rabes, Gab\u00e3o, Gana, Jap\u00e3o, Malta, Mo\u00e7ambique e Su\u00ed\u00e7a. O mandato desses pa\u00edses vai at\u00e9 dezembro.&nbsp;<\/p>\n\n\n\n<p>\u00c9 a segunda vez no atual bi\u00eanio que o Brasil estar\u00e1 na presid\u00eancia do \u00f3rg\u00e3o &#8211; a primeira ocorreu em julho de 2022. Desde a cria\u00e7\u00e3o do conselho esse \u00e9 o 11\u00ba mandato brasileiro.&nbsp;<\/p>\n\n\n\n<p>Os cinco membros permanentes no conselho t\u00eam poder de veto, ou seja, podem barrar&nbsp;resolu\u00e7\u00f5es do \u00f3rg\u00e3o por raz\u00f5es relacionadas a interesses pr\u00f3prios.&nbsp;<\/p>\n\n\n\n<p>O presidente Luiz In\u00e1cio Lula da Silva vem defendendo a reforma de institui\u00e7\u00f5es de governan\u00e7a global e reivindica um assento permanente para o Brasil no Conselho de Seguran\u00e7a, bem como para a \u00c1frica do Sul e a \u00cdndia. Para ele, entidades internacionais mais representativas podem, por exemplo, impor puni\u00e7\u00e3o aos pa\u00edses que n\u00e3o cumprirem seus compromissos em&nbsp;<a href=\"https:\/\/agenciabrasil.ebc.com.br\/politica\/noticia\/2023-09\/agenda-2030-pode-ser-maior-fracasso-da-onu-diz-lula\" target=\"_blank\" rel=\"noreferrer noopener\">quest\u00f5es clim\u00e1ticas<\/a>&nbsp;e impulsionar o combate \u00e0s desigualdades no mundo.<\/p>\n\n\n\n<p>Em discurso na Assembleia Geral das Na\u00e7\u00f5es Unidas, no \u00faltimo dia 19, Lula afirmou que o princ\u00edpio do&nbsp;<a href=\"https:\/\/agenciabrasil.ebc.com.br\/internacional\/noticia\/2023-09\/na-onu-lula-diz-que-multilateralismo-global-vem-sendo-corroido\" target=\"_blank\" rel=\"noreferrer noopener\">multilateralismo global<\/a>&nbsp;\u2013 que pressup\u00f5e igualdade soberana entre as na\u00e7\u00f5es \u2013, vem sendo corro\u00eddo&nbsp;e que o \u00f3rg\u00e3o de seguran\u00e7a da ONU \u201cvem perdendo progressivamente sua credibilidade\u201d.&nbsp;<\/p>\n\n\n\n<p>\u201cEssa fragilidade decorre, em particular, da a\u00e7\u00e3o de seus membros permanentes, que travam guerras n\u00e3o autorizadas em busca de expans\u00e3o territorial ou de mudan\u00e7a de regime. Sua paralisia \u00e9 a prova mais eloquente da necessidade e urg\u00eancia de reform\u00e1-lo, conferindo-lhe maior representatividade e efic\u00e1cia\u201d, disse Lula&nbsp;na ocasi\u00e3o.&nbsp;<\/p>\n\n\n\n<h2 class=\"wp-block-heading\">Agenda&nbsp;<\/h2>\n\n\n\n<p>Al\u00e9m da audi\u00eancia no dia 20, o ministro Mauro Vieira presidir\u00e1 outros eventos durante o m\u00eas de outubro. Um deles, no dia 24, ser\u00e1 um debate aberto sobre o Oriente M\u00e9dio, realizado a cada trimestre, para abordar a quest\u00e3o da Palestina e outros assuntos. No dia 25, haver\u00e1 outro debate aberto com o tema \u201cMulheres, Paz e Seguran\u00e7a\u201d.&nbsp;<\/p>\n\n\n\n<p>\u201cO tema foi proposto no in\u00edcio deste s\u00e9culo para chamar a aten\u00e7\u00e3o sobre o papel que as mulheres podem e devem exercer nos processos de preven\u00e7\u00e3o e resolu\u00e7\u00e3o de conflitos, presen\u00e7a nas opera\u00e7\u00f5es de paz e tamb\u00e9m para o efeito desproporcional que os conflitos t\u00eam sobre as mulheres\u201d, explicou o embaixador Cozendey.&nbsp;<\/p>\n\n\n\n<p>Outro evento que ocorrer\u00e1 no per\u00edodo da presid\u00eancia brasileira ser\u00e1 o di\u00e1logo anual entre o Conselho de Seguran\u00e7a da ONU e o Conselho de Paz e Seguran\u00e7a da Uni\u00e3o Africana. Ele ser\u00e1 realizado em Adis Abeba, capital da Eti\u00f3pia e sede da Uni\u00e3o Africana.<\/p>\n\n\n\n<p>Edi\u00e7\u00e3o: Gra\u00e7a Adjuto<\/p>\n","protected":false},"excerpt":{"rendered":"<p>Pa\u00eds vai defender import\u00e2ncias das institui\u00e7\u00f5es para mediar conflitos Por Andreia Verd\u00e9lio &#8211; Rep\u00f3rter da<\/p>\n","protected":false},"author":2,"featured_media":69318,"comment_status":"open","ping_status":"open","sticky":false,"template":"","format":"standard","meta":{"footnotes":""},"categories":[17],"tags":[],"class_list":["post-69317","post","type-post","status-publish","format-standard","has-post-thumbnail","hentry","category-outras-noticias"],"_links":{"self":[{"href":"https:\/\/tvc16.com\/portal\/wp-json\/wp\/v2\/posts\/69317","targetHints":{"allow":["GET"]}}],"collection":[{"href":"https:\/\/tvc16.com\/portal\/wp-json\/wp\/v2\/posts"}],"about":[{"href":"https:\/\/tvc16.com\/portal\/wp-json\/wp\/v2\/types\/post"}],"author":[{"embeddable":true,"href":"https:\/\/tvc16.com\/portal\/wp-json\/wp\/v2\/users\/2"}],"replies":[{"embeddable":true,"href":"https:\/\/tvc16.com\/portal\/wp-json\/wp\/v2\/comments?post=69317"}],"version-history":[{"count":1,"href":"https:\/\/tvc16.com\/portal\/wp-json\/wp\/v2\/posts\/69317\/revisions"}],"predecessor-version":[{"id":69319,"href":"https:\/\/tvc16.com\/portal\/wp-json\/wp\/v2\/posts\/69317\/revisions\/69319"}],"wp:featuredmedia":[{"embeddable":true,"href":"https:\/\/tvc16.com\/portal\/wp-json\/wp\/v2\/media\/69318"}],"wp:attachment":[{"href":"https:\/\/tvc16.com\/portal\/wp-json\/wp\/v2\/media?parent=69317"}],"wp:term":[{"taxonomy":"category","embeddable":true,"href":"https:\/\/tvc16.com\/portal\/wp-json\/wp\/v2\/categories?post=69317"},{"taxonomy":"post_tag","embeddable":true,"href":"https:\/\/tvc16.com\/portal\/wp-json\/wp\/v2\/tags?post=69317"}],"curies":[{"name":"wp","href":"https:\/\/api.w.org\/{rel}","templated":true}]}}