{"id":69320,"date":"2023-10-02T14:45:19","date_gmt":"2023-10-02T17:45:19","guid":{"rendered":"https:\/\/tvc16.com\/portal\/?p=69320"},"modified":"2023-10-02T14:45:20","modified_gmt":"2023-10-02T17:45:20","slug":"audiencia-publica-na-camara-vai-tratar-da-inclusao-educacional-na-rede-publica-municipal","status":"publish","type":"post","link":"https:\/\/tvc16.com\/portal\/2023\/10\/02\/audiencia-publica-na-camara-vai-tratar-da-inclusao-educacional-na-rede-publica-municipal\/","title":{"rendered":"Audi\u00eancia p\u00fablica na C\u00e2mara vai tratar da inclus\u00e3o educacional na rede p\u00fablica municipal"},"content":{"rendered":"\n<p>A C\u00e2mara Municipal promove nesta ter\u00e7a-feira (03), audi\u00eancia p\u00fablica para tratar de quest\u00f5es relativas \u00e0 inclus\u00e3o educacional no \u00e2mbito da rede p\u00fablica municipal.<\/p>\n\n\n\n<p>O evento est\u00e1 programado para acontecer \u00e0s 19h e poder\u00e1 ser acompanhado presencialmente no plen\u00e1rio do Pal\u00e1cio Amarelo, na Pra\u00e7a Visconde de Mau\u00e1, no Centro, ou de maneira remota &#8211; pela TV C\u00e2mara (Canal 98 da Speed Fiber\/Tech Cable) ou ainda pela internet, no canal da C\u00e2mara Municipal de Petr\u00f3polis no Youtube.<\/p>\n\n\n\n<p>Foto: divulga\u00e7\u00e3o <\/p>\n","protected":false},"excerpt":{"rendered":"<p>A C\u00e2mara Municipal promove nesta ter\u00e7a-feira (03), audi\u00eancia p\u00fablica para tratar de quest\u00f5es relativas \u00e0<\/p>\n","protected":false},"author":2,"featured_media":69321,"comment_status":"open","ping_status":"open","sticky":false,"template":"","format":"standard","meta":{"footnotes":""},"categories":[12],"tags":[],"class_list":["post-69320","post","type-post","status-publish","format-standard","has-post-thumbnail","hentry","category-cidade"],"_links":{"self":[{"href":"https:\/\/tvc16.com\/portal\/wp-json\/wp\/v2\/posts\/69320","targetHints":{"allow":["GET"]}}],"collection":[{"href":"https:\/\/tvc16.com\/portal\/wp-json\/wp\/v2\/posts"}],"about":[{"href":"https:\/\/tvc16.com\/portal\/wp-json\/wp\/v2\/types\/post"}],"author":[{"embeddable":true,"href":"https:\/\/tvc16.com\/portal\/wp-json\/wp\/v2\/users\/2"}],"replies":[{"embeddable":true,"href":"https:\/\/tvc16.com\/portal\/wp-json\/wp\/v2\/comments?post=69320"}],"version-history":[{"count":1,"href":"https:\/\/tvc16.com\/portal\/wp-json\/wp\/v2\/posts\/69320\/revisions"}],"predecessor-version":[{"id":69322,"href":"https:\/\/tvc16.com\/portal\/wp-json\/wp\/v2\/posts\/69320\/revisions\/69322"}],"wp:featuredmedia":[{"embeddable":true,"href":"https:\/\/tvc16.com\/portal\/wp-json\/wp\/v2\/media\/69321"}],"wp:attachment":[{"href":"https:\/\/tvc16.com\/portal\/wp-json\/wp\/v2\/media?parent=69320"}],"wp:term":[{"taxonomy":"category","embeddable":true,"href":"https:\/\/tvc16.com\/portal\/wp-json\/wp\/v2\/categories?post=69320"},{"taxonomy":"post_tag","embeddable":true,"href":"https:\/\/tvc16.com\/portal\/wp-json\/wp\/v2\/tags?post=69320"}],"curies":[{"name":"wp","href":"https:\/\/api.w.org\/{rel}","templated":true}]}}