{"id":69323,"date":"2023-10-02T14:55:38","date_gmt":"2023-10-02T17:55:38","guid":{"rendered":"https:\/\/tvc16.com\/portal\/?p=69323"},"modified":"2023-10-02T15:32:57","modified_gmt":"2023-10-02T18:32:57","slug":"abandono-do-cemiterio-vereador-volta-a-acionar-ministerio-publico","status":"publish","type":"post","link":"https:\/\/tvc16.com\/portal\/2023\/10\/02\/abandono-do-cemiterio-vereador-volta-a-acionar-ministerio-publico\/","title":{"rendered":"Abandono do Cemit\u00e9rio: Vereador volta a acionar Minist\u00e9rio P\u00fablico"},"content":{"rendered":"\n<p>O Vereador Eduardo do Blog (REP) voltou a denunciar o estado de abandono do Cemit\u00e9rio Municipal do Centro e pedir melhorias. Tr\u00eas meses ap\u00f3s a \u00faltima fiscaliza\u00e7\u00e3o no local, o Vereador constatou que a situa\u00e7\u00e3o continua a mesma, com gavetas quebradas e falta de manuten\u00e7\u00e3o geral no espa\u00e7o. Em alguns pontos at\u00e9 mesmo o acesso \u00e0s sepulturas est\u00e1 prejudicado impossibilitando qualquer visita.<\/p>\n\n\n\n<p>Destaca o legislador que foram tomadas algumas medidas superficiais pela Prefeitura, como capina e pintura de alguns pontos, mas o problema principal n\u00e3o foi resolvido, prejudicando a utilidade do espa\u00e7o.<\/p>\n\n\n\n<p>&#8220;H\u00e1 tr\u00eas meses estive aqui, acionei diretamente a Prefeitura e pedi medidas urgentes. Sem qualquer resposta, me vi obrigado a recorrer ao Minist\u00e9rio P\u00fablico e, mesmo assim, o principal problema n\u00e3o foi solucionado. \u00c9 uma situa\u00e7\u00e3o muito grave, um desrespeito \u00e0 dignidade f\u00fanebre!&#8221;, disse.<\/p>\n\n\n\n<p>O cemit\u00e9rio do Centro \u00e9 o maior dos sete de Petr\u00f3polis, com cerca de 8 mil sepulturas e 2,5 mil gavetas. Apesar disso, muitos enterros s\u00e3o realizados em campas rasas, popularmente conhecidas como &#8220;covas rasas&#8221;.&nbsp; Eduardo do Blog aponta ainda uma poss\u00edvel rela\u00e7\u00e3o entre a necessidade de sepultamento em covas rasas e a aus\u00eancia de cuidados com o cemit\u00e9rio.<\/p>\n\n\n\n<p>&#8220;N\u00e3o \u00e9 s\u00f3 uma quest\u00e3o de respeito aos t\u00famulos j\u00e1 instalados. Parece ter ocorrido um aumento no n\u00famero de enterros em &#8220;covas rasas&#8221;. Faz sentido associar isso ao fato de que as gavetas est\u00e3o sem condi\u00e7\u00f5es de uso. N\u00e3o posso dizer quais s\u00e3o os planos do governo, mas, se continuar assim, teremos uma crise de sepultamentos&#8221;, destacou o vereador.<\/p>\n\n\n\n<p>Foto: divulga\u00e7\u00e3o <\/p>\n","protected":false},"excerpt":{"rendered":"<p>O Vereador Eduardo do Blog (REP) voltou a denunciar o estado de abandono do Cemit\u00e9rio<\/p>\n","protected":false},"author":2,"featured_media":69324,"comment_status":"open","ping_status":"open","sticky":false,"template":"","format":"standard","meta":{"footnotes":""},"categories":[12],"tags":[],"class_list":["post-69323","post","type-post","status-publish","format-standard","has-post-thumbnail","hentry","category-cidade"],"_links":{"self":[{"href":"https:\/\/tvc16.com\/portal\/wp-json\/wp\/v2\/posts\/69323","targetHints":{"allow":["GET"]}}],"collection":[{"href":"https:\/\/tvc16.com\/portal\/wp-json\/wp\/v2\/posts"}],"about":[{"href":"https:\/\/tvc16.com\/portal\/wp-json\/wp\/v2\/types\/post"}],"author":[{"embeddable":true,"href":"https:\/\/tvc16.com\/portal\/wp-json\/wp\/v2\/users\/2"}],"replies":[{"embeddable":true,"href":"https:\/\/tvc16.com\/portal\/wp-json\/wp\/v2\/comments?post=69323"}],"version-history":[{"count":2,"href":"https:\/\/tvc16.com\/portal\/wp-json\/wp\/v2\/posts\/69323\/revisions"}],"predecessor-version":[{"id":69340,"href":"https:\/\/tvc16.com\/portal\/wp-json\/wp\/v2\/posts\/69323\/revisions\/69340"}],"wp:featuredmedia":[{"embeddable":true,"href":"https:\/\/tvc16.com\/portal\/wp-json\/wp\/v2\/media\/69324"}],"wp:attachment":[{"href":"https:\/\/tvc16.com\/portal\/wp-json\/wp\/v2\/media?parent=69323"}],"wp:term":[{"taxonomy":"category","embeddable":true,"href":"https:\/\/tvc16.com\/portal\/wp-json\/wp\/v2\/categories?post=69323"},{"taxonomy":"post_tag","embeddable":true,"href":"https:\/\/tvc16.com\/portal\/wp-json\/wp\/v2\/tags?post=69323"}],"curies":[{"name":"wp","href":"https:\/\/api.w.org\/{rel}","templated":true}]}}