{"id":69326,"date":"2023-10-02T14:58:41","date_gmt":"2023-10-02T17:58:41","guid":{"rendered":"https:\/\/tvc16.com\/portal\/?p=69326"},"modified":"2023-10-02T14:58:43","modified_gmt":"2023-10-02T17:58:43","slug":"governo-do-estado-nomeia-mais-78-professores","status":"publish","type":"post","link":"https:\/\/tvc16.com\/portal\/2023\/10\/02\/governo-do-estado-nomeia-mais-78-professores\/","title":{"rendered":"Governo do Estado nomeia mais 78 professores"},"content":{"rendered":"\n<p>Em decis\u00e3o publicada no Di\u00e1rio Oficial desta segunda-feira (02\/10), 78 candidatos, aprovados nos concursos de 2013 e 2014 foram nomeados para a rede estadual de ensino. Estes profissionais passaram por todos os processos previstos nos editais e v\u00e3o refor\u00e7ar as salas de aula em todo o estado. S\u00e3o professores para 30 horas semanais. O estado vai nomear mais 183 concursados para 18 horas.<\/p>\n\n\n\n<p>\u2014 Desejo boas-vindas a estes profissionais que est\u00e3o chegando. Com muita responsabilidade e dedica\u00e7\u00e3o, estamos trabalhando para conseguir ter esses professores nas salas de aula. Assim, nossos alunos ter\u00e3o a chance de um futuro ainda melhor \u2014 afirma o governador.<\/p>\n\n\n\n<p>Destes novos nomeados, 45 foram aprovados no concurso realizado em 2013, e os demais 33 no concurso de 2014. Eles ser\u00e3o recebidos nas Regionais Administrativas da Seeduc em diferentes munic\u00edpios no estado, conforme as unidades escolares nas quais ir\u00e3o trabalhar nas disciplinas de Geografia, Matem\u00e1tica e L\u00edngua Portuguesa.<\/p>\n\n\n\n<p>A secret\u00e1ria Roberta Barreto ressalta que a efetiva\u00e7\u00e3o desses profissionais \u00e9 fundamental para garantir o acesso e a perman\u00eancia dos alunos em sala de aula.<\/p>\n\n\n\n<p>\u2014 A escola \u00e9 um portal de transforma\u00e7\u00e3o. Sou professora e sei a import\u00e2ncia de termos esses profissionais na sala de aula. Esse trabalho \u00e9 fundamental para toda a sociedade. \u00c9 com muita felicidade que estamos conseguindo fazer essas nomea\u00e7\u00f5es. E o trabalho n\u00e3o para por aqui \u2014 diz a secret\u00e1ria.<\/p>\n\n\n\n<p><strong>Governo cumpre a promessa<\/strong><\/p>\n\n\n\n<p>A nomea\u00e7\u00e3o faz parte da convoca\u00e7\u00e3o dos dois mil aprovados nesses concursos. Em breve, novos profissionais aprovados cumprir\u00e3o as etapas previstas nos concursos e devem ser nomeados.<\/p>\n","protected":false},"excerpt":{"rendered":"<p>Em decis\u00e3o publicada no Di\u00e1rio Oficial desta segunda-feira (02\/10), 78 candidatos, aprovados nos concursos de<\/p>\n","protected":false},"author":2,"featured_media":69327,"comment_status":"open","ping_status":"open","sticky":false,"template":"","format":"standard","meta":{"footnotes":""},"categories":[17],"tags":[],"class_list":["post-69326","post","type-post","status-publish","format-standard","has-post-thumbnail","hentry","category-outras-noticias"],"_links":{"self":[{"href":"https:\/\/tvc16.com\/portal\/wp-json\/wp\/v2\/posts\/69326","targetHints":{"allow":["GET"]}}],"collection":[{"href":"https:\/\/tvc16.com\/portal\/wp-json\/wp\/v2\/posts"}],"about":[{"href":"https:\/\/tvc16.com\/portal\/wp-json\/wp\/v2\/types\/post"}],"author":[{"embeddable":true,"href":"https:\/\/tvc16.com\/portal\/wp-json\/wp\/v2\/users\/2"}],"replies":[{"embeddable":true,"href":"https:\/\/tvc16.com\/portal\/wp-json\/wp\/v2\/comments?post=69326"}],"version-history":[{"count":1,"href":"https:\/\/tvc16.com\/portal\/wp-json\/wp\/v2\/posts\/69326\/revisions"}],"predecessor-version":[{"id":69328,"href":"https:\/\/tvc16.com\/portal\/wp-json\/wp\/v2\/posts\/69326\/revisions\/69328"}],"wp:featuredmedia":[{"embeddable":true,"href":"https:\/\/tvc16.com\/portal\/wp-json\/wp\/v2\/media\/69327"}],"wp:attachment":[{"href":"https:\/\/tvc16.com\/portal\/wp-json\/wp\/v2\/media?parent=69326"}],"wp:term":[{"taxonomy":"category","embeddable":true,"href":"https:\/\/tvc16.com\/portal\/wp-json\/wp\/v2\/categories?post=69326"},{"taxonomy":"post_tag","embeddable":true,"href":"https:\/\/tvc16.com\/portal\/wp-json\/wp\/v2\/tags?post=69326"}],"curies":[{"name":"wp","href":"https:\/\/api.w.org\/{rel}","templated":true}]}}