{"id":69329,"date":"2023-10-02T15:02:08","date_gmt":"2023-10-02T18:02:08","guid":{"rendered":"https:\/\/tvc16.com\/portal\/?p=69329"},"modified":"2023-10-02T15:02:09","modified_gmt":"2023-10-02T18:02:09","slug":"mais-duas-carcacas-de-botos-sao-encontradas-no-lago-tefe-no-amazonas","status":"publish","type":"post","link":"https:\/\/tvc16.com\/portal\/2023\/10\/02\/mais-duas-carcacas-de-botos-sao-encontradas-no-lago-tefe-no-amazonas\/","title":{"rendered":"Mais duas carca\u00e7as de botos s\u00e3o encontradas no Lago Tef\u00e9, no Amazonas"},"content":{"rendered":"\n<h3 class=\"wp-block-heading\">Cerca de 100 mam\u00edferos apareceram mortos na semana passada<\/h3>\n\n\n\n<h4 class=\"wp-block-heading\">Por Luciano Nascimento \u2013 Rep\u00f3rter da Ag\u00eancia Brasil &#8211; S\u00e3o Lu\u00eds<audio src=\"https:\/\/tts-app.ebc.com.br\/media\/tts\/210657.mp3\"><\/audio><\/h4>\n\n\n\n<p>A a\u00e7\u00e3o emergencial de acompanhamento e poss\u00edvel retirada dos botos do Lago Tef\u00e9, no Amazonas, encontrou duas carca\u00e7as desses animais, informou hoje (2) o Instituto de Desenvolvimento Sustent\u00e1vel Mamirau\u00e1. A mobiliza\u00e7\u00e3o, realizada no final de semana, ocorreu ap\u00f3s a morte de mais de 100 mam\u00edferos aqu\u00e1ticos, como o boto vermelho e o tucuxi, que viviem no local.<img decoding=\"async\" src=\"https:\/\/agenciabrasil.ebc.com.br\/ebc.png?id=1558615&amp;o=node\"><img decoding=\"async\" src=\"https:\/\/agenciabrasil.ebc.com.br\/ebc.gif?id=1558615&amp;o=node\"><\/p>\n\n\n\n<p>No s\u00e1bado (30), o Instituto Chico Mendes de Conserva\u00e7\u00e3o da Biodiversidade (ICMBio)&nbsp;<a href=\"http:\/\/agenciabrasil.ebc.com.br\/geral\/noticia\/2023-09\/icmbio-vai-apurar-causas-da-morte-de-botos-no-amazonas\" target=\"_blank\" rel=\"noreferrer noopener\">enviou equipes de veterin\u00e1rios<\/a>&nbsp;e servidores do Centro de Mam\u00edferos Aqu\u00e1ticos (CMA) e da Divis\u00e3o de Emerg\u00eancia Ambiental, para apurar as causas da mortandade extrema desses mam\u00edferos. Al\u00e9m da seca, a hip\u00f3tese \u00e9 que o calor esteja provocando as mortes de peixes e mam\u00edferos na regi\u00e3o.<\/p>\n\n\n\n<p>A mobiliza\u00e7\u00e3o envolve organiza\u00e7\u00f5es parceiras, como o Mamirau\u00e1, com a\u00e7\u00f5es de monitoramento dos animais ainda vivos, busca e recolhimento de carca\u00e7as, coleta de amostras da \u00e1gua para an\u00e1lises de doen\u00e7as e acompanhamento da temperatura da \u00e1gua, que chegou a 40 graus Celsius (\u00baC).<\/p>\n\n\n\n<p>\u201cSeguimos na opera\u00e7\u00e3o monitorando a temperatura do lago. No dia 28, a temperatura chegou a 39,1\u00b0C, caiu para 37\u00baC, na sexta e 32\u00baC, no s\u00e1bado. No entanto, ontem, as 16h subiu para 37,8\u00b0C e a gente est\u00e1 muito alerta. Ainda n\u00e3o h\u00e1 avan\u00e7o maior para saber a causa das mortes, mas a temperatura segue como candidato principal da causa da mortalidade, disse \u00e0&nbsp;<strong>Ag\u00eancia Brasil<\/strong>&nbsp;o integrante do instituto Mamirau\u00e1, Ayan Fleischmann.<\/p>\n\n\n\n<p>Segundo Fleischmann, ainda n\u00e3o h\u00e1 atualiza\u00e7\u00e3o sobre o resgate dos animais ainda vivos que est\u00e3o no lago. Na sexta-feira (29), o Mamirau\u00e1 lan\u00e7ou um alerta \u00e0 popula\u00e7\u00e3o que mora nas proximidades do Lago Tef\u00e9 para evitar o contato com as \u00e1guas do lago e tamb\u00e9m o uso recreativo.<\/p>\n\n\n\n<p>Em entrevista ao programa Viva Maria, da&nbsp;<strong>R\u00e1dio Nacional da Amaz\u00f4nia<\/strong>, a coordenadora do Grupo de Pesquisa em Mam\u00edferos Aqu\u00e1ticos Amaz\u00f4nicos do Mamirau\u00e1, Miriam Marmontel, disse, no s\u00e1bado (30), que esses animais acabam atuando como sentinelas da qualidade da \u00e1gua e s\u00e3o os primeiros a ser afetados com mudan\u00e7as provocadas no ambiente.<\/p>\n\n\n\n<p>&#8220;Eles nos deram o alerta e agora a gente tem que ficar atento a isso. A tend\u00eancia, se n\u00e3o mudarmos os nossos h\u00e1bitos, esses eventos v\u00e3o continuar acontecendo, mais aquecimento global, mudan\u00e7a nos par\u00e2metros clim\u00e1ticos e eles est\u00e3o utilizando um ambiente que utilizamos muito, especialmente no Amazonas. A \u00e1gua para \u00e9 primordial para os amaz\u00f4nidas e essa \u00e1gua, que atualmente n\u00e3o est\u00e1 prop\u00edcia para o boto, tamb\u00e9m n\u00e3o \u00e9 prop\u00edcia para o humano. Tanto para nadar, como consumir. Ent\u00e3o que a gente fique muito alerta quanto a isso\u201d, disse a pesquisadora.<\/p>\n\n\n\n<p>Edi\u00e7\u00e3o: Denise Griesinger<\/p>\n","protected":false},"excerpt":{"rendered":"<p>Cerca de 100 mam\u00edferos apareceram mortos na semana passada Por Luciano Nascimento \u2013 Rep\u00f3rter da<\/p>\n","protected":false},"author":2,"featured_media":69330,"comment_status":"open","ping_status":"open","sticky":false,"template":"","format":"standard","meta":{"footnotes":""},"categories":[17],"tags":[],"class_list":["post-69329","post","type-post","status-publish","format-standard","has-post-thumbnail","hentry","category-outras-noticias"],"_links":{"self":[{"href":"https:\/\/tvc16.com\/portal\/wp-json\/wp\/v2\/posts\/69329","targetHints":{"allow":["GET"]}}],"collection":[{"href":"https:\/\/tvc16.com\/portal\/wp-json\/wp\/v2\/posts"}],"about":[{"href":"https:\/\/tvc16.com\/portal\/wp-json\/wp\/v2\/types\/post"}],"author":[{"embeddable":true,"href":"https:\/\/tvc16.com\/portal\/wp-json\/wp\/v2\/users\/2"}],"replies":[{"embeddable":true,"href":"https:\/\/tvc16.com\/portal\/wp-json\/wp\/v2\/comments?post=69329"}],"version-history":[{"count":1,"href":"https:\/\/tvc16.com\/portal\/wp-json\/wp\/v2\/posts\/69329\/revisions"}],"predecessor-version":[{"id":69331,"href":"https:\/\/tvc16.com\/portal\/wp-json\/wp\/v2\/posts\/69329\/revisions\/69331"}],"wp:featuredmedia":[{"embeddable":true,"href":"https:\/\/tvc16.com\/portal\/wp-json\/wp\/v2\/media\/69330"}],"wp:attachment":[{"href":"https:\/\/tvc16.com\/portal\/wp-json\/wp\/v2\/media?parent=69329"}],"wp:term":[{"taxonomy":"category","embeddable":true,"href":"https:\/\/tvc16.com\/portal\/wp-json\/wp\/v2\/categories?post=69329"},{"taxonomy":"post_tag","embeddable":true,"href":"https:\/\/tvc16.com\/portal\/wp-json\/wp\/v2\/tags?post=69329"}],"curies":[{"name":"wp","href":"https:\/\/api.w.org\/{rel}","templated":true}]}}