{"id":69332,"date":"2023-10-02T15:08:11","date_gmt":"2023-10-02T18:08:11","guid":{"rendered":"https:\/\/tvc16.com\/portal\/?p=69332"},"modified":"2023-10-02T15:08:12","modified_gmt":"2023-10-02T18:08:12","slug":"da-sala-de-aula-para-as-telas-casa-de-cultura-recebe-o-festival-de-cinema-de-teresopolis","status":"publish","type":"post","link":"https:\/\/tvc16.com\/portal\/2023\/10\/02\/da-sala-de-aula-para-as-telas-casa-de-cultura-recebe-o-festival-de-cinema-de-teresopolis\/","title":{"rendered":"Da sala de aula para as telas: Casa de Cultura\u00a0recebe o Festival de Cinema\u00a0de Teres\u00f3polis"},"content":{"rendered":"\n<p>Nestas&nbsp;quarta (04), quinta (05) e sexta (06), a Casa de Cultura Adolpho Bloch, em Araras, ser\u00e1 palco da 13\u00aa edi\u00e7\u00e3o do Festival de Cinema de Teres\u00f3polis,&nbsp;das 9h \u00e0s 16h, com entrada franca.&nbsp;Durante dois dias,&nbsp;alunos das redes p\u00fablica e particular de ensino ter\u00e3o as suas produ\u00e7\u00f5es de audiovisual exibidas.&nbsp;S\u00e3o&nbsp;clipes,&nbsp; document\u00e1rios, fic\u00e7\u00e3o e anima\u00e7\u00e3o de curta dura\u00e7\u00e3o,&nbsp;nas categorias amador e profissional, sobre os mais variados temas. No dia 06, acontecer\u00e1 a cerim\u00f4nia de entrega do Trof\u00e9u Teresa Cristina.<\/p>\n\n\n\n<p>Com parceria do&nbsp;Col\u00e9gio Estadual Euclydes da Cunha, o Festival \u00e9 uma realiza\u00e7\u00e3o dos&nbsp;professores Adriana Soares,&nbsp;Elizabeth Regina Arag\u00e3o, George Campista de Abreu Cabral, Graziele Leite, Rosane Oliveira e Victor Nogueira \u2013 respons\u00e1vel pela sonoriza\u00e7\u00e3o e computa\u00e7\u00e3o.<\/p>\n\n\n\n<p>\u201cO&nbsp;Festival de Cinema de Teres\u00f3polis nasceu de um trabalho em sala de aula: a produ\u00e7\u00e3o audiovisual como ferramenta pedag\u00f3gica! Desde 2006, como projeto Cinema na Escola, v\u00e1rios v\u00eddeos foram produzidos e, com o tempo, o volume de trabalho mostrou que poder\u00edamos dar mais um passo: um festival! Treze anos depois, o evento recebe v\u00eddeos de v\u00e1rios lugares do Brasil\u201d, comemora o professor George Campista de Abreu Cabral.<\/p>\n\n\n\n<p>Este ano, o evento, que&nbsp;faz parte do calend\u00e1rio da Casa de Cultura,&nbsp;contar\u00e1 com a&nbsp;participa\u00e7\u00e3o de estudantes das escolas municipais Ginda Bloch e Neidy Ang\u00e9lica.<\/p>\n\n\n\n<p>\u201cMuito bom que a nossa Casa de Cultura&nbsp;continue recebendo essa mostra, que revela o talento e a criatividade dos estudantes e sua vis\u00e3o de mundo. Parabenizo os nossos jovens cineastas. Vale a pena conferir os trabalhos que ser\u00e3o exibidos\u201d, convida a secret\u00e1ria municipal de Cultura, Cl\u00e9o Jord\u00e3o.<\/p>\n\n\n\n<p><strong>Servi\u00e7o:<\/strong><\/p>\n\n\n\n<p><strong>\u2022&nbsp;<\/strong><strong>13\u00ba Festival de Cinema de Teres\u00f3polis<\/strong><\/p>\n\n\n\n<p><strong>Data\/hora<\/strong>: De 04 e 05\/10 &#8211; 9h \u00e0s 16h; 06\/10 &#8211; 9h30.<\/p>\n\n\n\n<p><strong>Local<\/strong>: Casa de Cultura Adolpho Bloch (Pra\u00e7a Juscelino Kubitschek, Araras)<\/p>\n\n\n\n<p>Entrada franca.<\/p>\n","protected":false},"excerpt":{"rendered":"<p>Nestas&nbsp;quarta (04), quinta (05) e sexta (06), a Casa de Cultura Adolpho Bloch, em Araras,<\/p>\n","protected":false},"author":2,"featured_media":69334,"comment_status":"open","ping_status":"open","sticky":false,"template":"","format":"standard","meta":{"footnotes":""},"categories":[17],"tags":[],"class_list":["post-69332","post","type-post","status-publish","format-standard","has-post-thumbnail","hentry","category-outras-noticias"],"_links":{"self":[{"href":"https:\/\/tvc16.com\/portal\/wp-json\/wp\/v2\/posts\/69332","targetHints":{"allow":["GET"]}}],"collection":[{"href":"https:\/\/tvc16.com\/portal\/wp-json\/wp\/v2\/posts"}],"about":[{"href":"https:\/\/tvc16.com\/portal\/wp-json\/wp\/v2\/types\/post"}],"author":[{"embeddable":true,"href":"https:\/\/tvc16.com\/portal\/wp-json\/wp\/v2\/users\/2"}],"replies":[{"embeddable":true,"href":"https:\/\/tvc16.com\/portal\/wp-json\/wp\/v2\/comments?post=69332"}],"version-history":[{"count":1,"href":"https:\/\/tvc16.com\/portal\/wp-json\/wp\/v2\/posts\/69332\/revisions"}],"predecessor-version":[{"id":69335,"href":"https:\/\/tvc16.com\/portal\/wp-json\/wp\/v2\/posts\/69332\/revisions\/69335"}],"wp:featuredmedia":[{"embeddable":true,"href":"https:\/\/tvc16.com\/portal\/wp-json\/wp\/v2\/media\/69334"}],"wp:attachment":[{"href":"https:\/\/tvc16.com\/portal\/wp-json\/wp\/v2\/media?parent=69332"}],"wp:term":[{"taxonomy":"category","embeddable":true,"href":"https:\/\/tvc16.com\/portal\/wp-json\/wp\/v2\/categories?post=69332"},{"taxonomy":"post_tag","embeddable":true,"href":"https:\/\/tvc16.com\/portal\/wp-json\/wp\/v2\/tags?post=69332"}],"curies":[{"name":"wp","href":"https:\/\/api.w.org\/{rel}","templated":true}]}}