{"id":69336,"date":"2023-10-02T15:14:58","date_gmt":"2023-10-02T18:14:58","guid":{"rendered":"https:\/\/tvc16.com\/portal\/?p=69336"},"modified":"2023-10-02T15:15:51","modified_gmt":"2023-10-02T18:15:51","slug":"petropolitanos-sao-arrastados-para-o-mar-apos-tentarem-fazer-fotos-na-pedra-do-arpoador-no-rj","status":"publish","type":"post","link":"https:\/\/tvc16.com\/portal\/2023\/10\/02\/petropolitanos-sao-arrastados-para-o-mar-apos-tentarem-fazer-fotos-na-pedra-do-arpoador-no-rj\/","title":{"rendered":"Petropolitanos s\u00e3o arrastados para o mar ap\u00f3s tentarem fazer fotos na Pedra do Arpoador, no RJ"},"content":{"rendered":"\n<p>O Corpo de Bombeiros do Rio atuou no salvamento de dois turistas que foram surpreendidos por uma onda quando faziam fotos na Pedra do Arpoador, na altura da praia do Diabo, no \u00faltimo domingo (01.10). Origin\u00e1rios de Petr\u00f3polis, o homem e a mulher foram resgatados do mar por dois guarda-vidas que patrulhavam a orla. As v\u00edtimas receberam os primeiros-socorros e foram encaminhadas por uma ambul\u00e2ncia da corpora\u00e7\u00e3o para o Hospital Miguel Couto.<\/p>\n\n\n\n<p>&#8220;\u00c9 importante ressaltar que o local do acidente conta com placa indicativa de risco e que os militares j\u00e1 haviam alertado o grupo sobre o perigo. O Corpo de Bombeiros do Rio faz preven\u00e7\u00f5es di\u00e1rias, recorrentes, nas \u00e1reas de pedras, cost\u00f5es e cantos de pedra da orla de todo o Estado, especialmente em dias chuvosos, com mar agitado. A corpora\u00e7\u00e3o tamb\u00e9m mant\u00e9m ativa uma campanha, nas suas redes sociais, onde alerta para o risco das selfies nestes locais&#8221;, ressaltou a corpora\u00e7\u00e3o.<\/p>\n\n\n\n<p>Foto: reprodu\u00e7\u00e3o rede social <\/p>\n","protected":false},"excerpt":{"rendered":"<p>O Corpo de Bombeiros do Rio atuou no salvamento de dois turistas que foram surpreendidos<\/p>\n","protected":false},"author":2,"featured_media":69337,"comment_status":"open","ping_status":"open","sticky":false,"template":"","format":"standard","meta":{"footnotes":""},"categories":[12],"tags":[],"class_list":["post-69336","post","type-post","status-publish","format-standard","has-post-thumbnail","hentry","category-cidade"],"_links":{"self":[{"href":"https:\/\/tvc16.com\/portal\/wp-json\/wp\/v2\/posts\/69336","targetHints":{"allow":["GET"]}}],"collection":[{"href":"https:\/\/tvc16.com\/portal\/wp-json\/wp\/v2\/posts"}],"about":[{"href":"https:\/\/tvc16.com\/portal\/wp-json\/wp\/v2\/types\/post"}],"author":[{"embeddable":true,"href":"https:\/\/tvc16.com\/portal\/wp-json\/wp\/v2\/users\/2"}],"replies":[{"embeddable":true,"href":"https:\/\/tvc16.com\/portal\/wp-json\/wp\/v2\/comments?post=69336"}],"version-history":[{"count":2,"href":"https:\/\/tvc16.com\/portal\/wp-json\/wp\/v2\/posts\/69336\/revisions"}],"predecessor-version":[{"id":69339,"href":"https:\/\/tvc16.com\/portal\/wp-json\/wp\/v2\/posts\/69336\/revisions\/69339"}],"wp:featuredmedia":[{"embeddable":true,"href":"https:\/\/tvc16.com\/portal\/wp-json\/wp\/v2\/media\/69337"}],"wp:attachment":[{"href":"https:\/\/tvc16.com\/portal\/wp-json\/wp\/v2\/media?parent=69336"}],"wp:term":[{"taxonomy":"category","embeddable":true,"href":"https:\/\/tvc16.com\/portal\/wp-json\/wp\/v2\/categories?post=69336"},{"taxonomy":"post_tag","embeddable":true,"href":"https:\/\/tvc16.com\/portal\/wp-json\/wp\/v2\/tags?post=69336"}],"curies":[{"name":"wp","href":"https:\/\/api.w.org\/{rel}","templated":true}]}}