{"id":69347,"date":"2023-10-03T06:09:06","date_gmt":"2023-10-03T09:09:06","guid":{"rendered":"https:\/\/tvc16.com\/portal\/?p=69347"},"modified":"2023-10-03T06:09:07","modified_gmt":"2023-10-03T09:09:07","slug":"governador-oficializa-pedido-de-apoio-ao-governo-federal-para-combate-ao-crime-organizado-no-rio-de-janeiro","status":"publish","type":"post","link":"https:\/\/tvc16.com\/portal\/2023\/10\/03\/governador-oficializa-pedido-de-apoio-ao-governo-federal-para-combate-ao-crime-organizado-no-rio-de-janeiro\/","title":{"rendered":"Governador oficializa pedido de apoio ao Governo Federal para combate ao crime organizado no Rio de Janeiro"},"content":{"rendered":"\n<p><em>Cl\u00e1udio Castro se reuniu com o ministro da Justi\u00e7a e Seguran\u00e7a P\u00fablica, Fl\u00e1vio Dino, em Bras\u00edlia, na noite desta segunda-feira (2), para alinharem as a\u00e7\u00f5es de enfrentamento \u00e0s lideran\u00e7as criminosas<\/em><\/p>\n\n\n\n<p>\u00a0O governador do Rio de Janeiro, Cl\u00e1udio Castro, se reuniu com o ministro da Justi\u00e7a e Seguran\u00e7a P\u00fablica, Fl\u00e1vio Dino, para oficializar o pedido de apoio para o combate ao crime organizado no Rio de Janeiro, em especial na regi\u00e3o do Complexo da Mar\u00e9. Em Bras\u00edlia, os dois alinharam detalhes finais e estrat\u00e9gias para as a\u00e7\u00f5es das for\u00e7as de seguran\u00e7a p\u00fablica do Governo do Estado e do Governo Federal para prender lideran\u00e7as criminosas do Rio de Janeiro e tamb\u00e9m aquelas oriundas de outros estados brasileiros.<\/p>\n\n\n\n<p>O encontro ocorreu no mesmo dia em que o Minist\u00e9rio da Justi\u00e7a e Seguran\u00e7a P\u00fablica (MJSP) autorizou o uso de 300 integrantes da For\u00e7a Nacional no Rio de Janeiro, bem como 50 viaturas para atua\u00e7\u00e3o no estado com o objetivo de reduzir indicadores de mortes violentas. O efetivo \u00e9 complementar aos 270 policiais da Pol\u00edcia Rodovi\u00e1ria Federal (PRF) e 22 ve\u00edculos blindados que ser\u00e3o enviados ao estado, al\u00e9m de um ve\u00edculo de resgate e um helic\u00f3ptero.<\/p>\n\n\n\n<p>&#8220;Ficou acertada essa colabora\u00e7\u00e3o do Governo Federal coordenando o trabalho de outros estados que t\u00eam inqu\u00e9ritos com lideran\u00e7as alocadas no Rio de Janeiro, sobretudo no Complexo da Mar\u00e9&#8221; &#8211; afirmou Castro ap\u00f3s a reuni\u00e3o.<br>\u00a0<br>Tamb\u00e9m por meio da parceria, lideran\u00e7as criminosas de alta periculosidade ser\u00e3o transferidas para pres\u00eddios federais em outros estados. O governador disse que n\u00e3o est\u00e1 fora de cogita\u00e7\u00e3o a expans\u00e3o das a\u00e7\u00f5es em outras \u00e1reas do Rio de Janeiro.<\/p>\n\n\n\n<p>&#8220;A Mar\u00e9 \u00e9 o ponto de partida, mas n\u00e3o \u00e9 o fim, at\u00e9 porque n\u00f3s j\u00e1 vimos outras vezes esse processo de evas\u00e3o dos criminosos de um local e, depois que a pol\u00edcia atua, eles voltam. A ideia \u00e9 a Mar\u00e9 ser o in\u00edcio e depois que isso se irradie para outras comunidades, e a gente possa, sobretudo, prender lideran\u00e7as e fazer uma asfixia financeira dessas organiza\u00e7\u00f5es criminosas com intelig\u00eancia e combate \u00e0 lavagem de dinheiro, sejam elas mil\u00edcia, tr\u00e1fico, narcotr\u00e1fico ou fac\u00e7\u00e3o A, B ou C&#8221; &#8211; pontuou.<\/p>\n\n\n\n<p><strong>For\u00e7as estaduais v\u00e3o coordenar a\u00e7\u00f5es em \u00e1reas mais sens\u00edveis<\/strong><\/p>\n\n\n\n<p>A atua\u00e7\u00e3o conjunta no Complexo da Mar\u00e9 conta com estrat\u00e9gia com foco especial na tecnologia com o uso de drones, intelig\u00eancia artificial, reconhecimento facial e de placas, c\u00e2meras port\u00e1teis, al\u00e9m da disponibilidade da For\u00e7a Nacional para atuar a qualquer momento. O conjunto de a\u00e7\u00f5es, no entanto, n\u00e3o se trata de uma ocupa\u00e7\u00e3o no complexo, mas de opera\u00e7\u00f5es estrat\u00e9gicas e pontuais, que podem ser expandidas para outros locais.<br>&nbsp;<\/p>\n\n\n\n<p>&#8220;\u00c9 um trabalho em conjunto, mas a coordena\u00e7\u00e3o de \u00e1reas mais sens\u00edveis fica com o Rio de Janeiro e subsidiada pela For\u00e7a Nacional e pela PRF, at\u00e9 mesmo por aprendizados em locais mais sens\u00edveis \u2013 e as nossas for\u00e7as j\u00e1 t\u00eam essa experi\u00eancia \u2013, para que a gente n\u00e3o coloque outros agentes em risco. Foi uma reuni\u00e3o muito produtiva. N\u00e3o falaremos em data para n\u00e3o tirar o fator surpresa da opera\u00e7\u00e3o policial&#8221; &#8211; ressaltou o governador.<\/p>\n\n\n\n<p>Na \u00faltima sexta-feira (29\/9), Castro se reuniu com o secret\u00e1rio-executivo do MJSP, Ricardo Cappelli, para alinhar a nova parceria no combate \u00e0 criminalidade no Rio. Na ocasi\u00e3o, foi anunciada a implementa\u00e7\u00e3o do Comit\u00ea Permanente de Intelig\u00eancia no Centro Integrado de Comando e Controle (CICC), com a atua\u00e7\u00e3o de quatro for\u00e7as de seguran\u00e7a p\u00fablica: Pol\u00edcia Militar, Pol\u00edcia Civil, Pol\u00edcia Rodovi\u00e1ria Federal e Pol\u00edcia Federal. O novo comit\u00ea ser\u00e1 usado para monitoramento, trocas de informa\u00e7\u00f5es, avalia\u00e7\u00e3o de decis\u00f5es e defini\u00e7\u00e3o de estrat\u00e9gias com foco no combate \u00e0 criminalidade.<br>\u00a0<br><strong>Recursos<\/strong><\/p>\n\n\n\n<p>Atendendo a um pedido do governador Cl\u00e1udio Castro, h\u00e1 um total de R$ 247 milh\u00f5es em recursos federais alocados no Rio de Janeiro, entre eles os R$ 95 milh\u00f5es destinados para a constru\u00e7\u00e3o de pres\u00eddios de seguran\u00e7a m\u00e1xima. Os recursos empregados s\u00e3o provenientes do Fundo Nacional de Seguran\u00e7a P\u00fablica e do Fundo Penitenci\u00e1rio Nacional.<\/p>\n","protected":false},"excerpt":{"rendered":"<p>Cl\u00e1udio Castro se reuniu com o ministro da Justi\u00e7a e Seguran\u00e7a P\u00fablica, Fl\u00e1vio Dino, em<\/p>\n","protected":false},"author":2,"featured_media":69348,"comment_status":"open","ping_status":"open","sticky":false,"template":"","format":"standard","meta":{"footnotes":""},"categories":[17],"tags":[],"class_list":["post-69347","post","type-post","status-publish","format-standard","has-post-thumbnail","hentry","category-outras-noticias"],"_links":{"self":[{"href":"https:\/\/tvc16.com\/portal\/wp-json\/wp\/v2\/posts\/69347","targetHints":{"allow":["GET"]}}],"collection":[{"href":"https:\/\/tvc16.com\/portal\/wp-json\/wp\/v2\/posts"}],"about":[{"href":"https:\/\/tvc16.com\/portal\/wp-json\/wp\/v2\/types\/post"}],"author":[{"embeddable":true,"href":"https:\/\/tvc16.com\/portal\/wp-json\/wp\/v2\/users\/2"}],"replies":[{"embeddable":true,"href":"https:\/\/tvc16.com\/portal\/wp-json\/wp\/v2\/comments?post=69347"}],"version-history":[{"count":1,"href":"https:\/\/tvc16.com\/portal\/wp-json\/wp\/v2\/posts\/69347\/revisions"}],"predecessor-version":[{"id":69349,"href":"https:\/\/tvc16.com\/portal\/wp-json\/wp\/v2\/posts\/69347\/revisions\/69349"}],"wp:featuredmedia":[{"embeddable":true,"href":"https:\/\/tvc16.com\/portal\/wp-json\/wp\/v2\/media\/69348"}],"wp:attachment":[{"href":"https:\/\/tvc16.com\/portal\/wp-json\/wp\/v2\/media?parent=69347"}],"wp:term":[{"taxonomy":"category","embeddable":true,"href":"https:\/\/tvc16.com\/portal\/wp-json\/wp\/v2\/categories?post=69347"},{"taxonomy":"post_tag","embeddable":true,"href":"https:\/\/tvc16.com\/portal\/wp-json\/wp\/v2\/tags?post=69347"}],"curies":[{"name":"wp","href":"https:\/\/api.w.org\/{rel}","templated":true}]}}