{"id":69361,"date":"2023-10-03T06:27:00","date_gmt":"2023-10-03T09:27:00","guid":{"rendered":"https:\/\/tvc16.com\/portal\/?p=69361"},"modified":"2023-10-03T06:27:01","modified_gmt":"2023-10-03T09:27:01","slug":"policia-militar-do-26o-bpm-prende-suspeito-de-trafico-e-apreende-armas-municoes-e-drogas-em-petropolis","status":"publish","type":"post","link":"https:\/\/tvc16.com\/portal\/2023\/10\/03\/policia-militar-do-26o-bpm-prende-suspeito-de-trafico-e-apreende-armas-municoes-e-drogas-em-petropolis\/","title":{"rendered":"Pol\u00edcia Militar do 26\u00ba BPM prende suspeito de tr\u00e1fico e apreende armas, muni\u00e7\u00f5es e drogas em Petr\u00f3polis"},"content":{"rendered":"\n<p>Uma opera\u00e7\u00e3o policial, liderada pelo 26\u00ba Batalh\u00e3o da Pol\u00edcia Militar (BPM) de Petr\u00f3polis, no \u00faltimo domingo, resultou na pris\u00e3o de um suspeito de envolvimento em tr\u00e1fico de drogas e homic\u00eddios na Rua Ant\u00f4nio de Medeiros, localizada na regi\u00e3o do Independ\u00eancia. Os agentes receberam den\u00fancias sobre o tr\u00e1fico de drogas na localidade e foram em loco averiguar a situa\u00e7\u00e3o.<\/p>\n\n\n\n<p>Durante a opera\u00e7\u00e3o, os agentes avistaram o suspeito de envolvimento com o tr\u00e1fico de drogas na regi\u00e3o e ent\u00e3o ele foi detido. Foram apreendidas duas armas de fogo, muni\u00e7\u00f5es e subst\u00e2ncias il\u00edcitas. Segundo a pol\u00edcia, durante a identifica\u00e7\u00e3o foi constatado que o homem tamb\u00e9m \u00e9 suspeito de estar envolvido em um homic\u00eddio na localidade.<\/p>\n\n\n\n<p>Todo o material foi apreendido, e o suspeito foi encaminhado para a delegacia da regi\u00e3o. Em caso de condena\u00e7\u00e3o, o homem pode pegar mais de 20 anos de pris\u00e3o.<\/p>\n","protected":false},"excerpt":{"rendered":"<p>Uma opera\u00e7\u00e3o policial, liderada pelo 26\u00ba Batalh\u00e3o da Pol\u00edcia Militar (BPM) de Petr\u00f3polis, no \u00faltimo<\/p>\n","protected":false},"author":2,"featured_media":69362,"comment_status":"open","ping_status":"open","sticky":false,"template":"","format":"standard","meta":{"footnotes":""},"categories":[12],"tags":[],"class_list":["post-69361","post","type-post","status-publish","format-standard","has-post-thumbnail","hentry","category-cidade"],"_links":{"self":[{"href":"https:\/\/tvc16.com\/portal\/wp-json\/wp\/v2\/posts\/69361","targetHints":{"allow":["GET"]}}],"collection":[{"href":"https:\/\/tvc16.com\/portal\/wp-json\/wp\/v2\/posts"}],"about":[{"href":"https:\/\/tvc16.com\/portal\/wp-json\/wp\/v2\/types\/post"}],"author":[{"embeddable":true,"href":"https:\/\/tvc16.com\/portal\/wp-json\/wp\/v2\/users\/2"}],"replies":[{"embeddable":true,"href":"https:\/\/tvc16.com\/portal\/wp-json\/wp\/v2\/comments?post=69361"}],"version-history":[{"count":1,"href":"https:\/\/tvc16.com\/portal\/wp-json\/wp\/v2\/posts\/69361\/revisions"}],"predecessor-version":[{"id":69363,"href":"https:\/\/tvc16.com\/portal\/wp-json\/wp\/v2\/posts\/69361\/revisions\/69363"}],"wp:featuredmedia":[{"embeddable":true,"href":"https:\/\/tvc16.com\/portal\/wp-json\/wp\/v2\/media\/69362"}],"wp:attachment":[{"href":"https:\/\/tvc16.com\/portal\/wp-json\/wp\/v2\/media?parent=69361"}],"wp:term":[{"taxonomy":"category","embeddable":true,"href":"https:\/\/tvc16.com\/portal\/wp-json\/wp\/v2\/categories?post=69361"},{"taxonomy":"post_tag","embeddable":true,"href":"https:\/\/tvc16.com\/portal\/wp-json\/wp\/v2\/tags?post=69361"}],"curies":[{"name":"wp","href":"https:\/\/api.w.org\/{rel}","templated":true}]}}