{"id":69368,"date":"2023-10-03T08:00:00","date_gmt":"2023-10-03T11:00:00","guid":{"rendered":"https:\/\/tvc16.com\/portal\/?p=69368"},"modified":"2023-10-03T08:08:52","modified_gmt":"2023-10-03T11:08:52","slug":"outubro-rosa-secretaria-de-saude-realiza-mutirao-de-agendamento-de-mamografias-de-rastreamento","status":"publish","type":"post","link":"https:\/\/tvc16.com\/portal\/2023\/10\/03\/outubro-rosa-secretaria-de-saude-realiza-mutirao-de-agendamento-de-mamografias-de-rastreamento\/","title":{"rendered":"Outubro Rosa: Secretaria de Sa\u00fade realiza mutir\u00e3o de agendamento de Mamografias de rastreamento\u00a0"},"content":{"rendered":"\n<p>Outubro Rosa \u00e9 a campanha deste m\u00eas que alerta sobre o c\u00e2ncer de mama, ampliando as informa\u00e7\u00f5es sobre preven\u00e7\u00e3o e refor\u00e7ando a import\u00e2ncia do diagn\u00f3stico precoce para o combate da doen\u00e7a. Em Nova Friburgo, a prefeitura, por meio da Secretaria Municipal de Sa\u00fade, preparou uma programa\u00e7\u00e3o especial com atividades de orienta\u00e7\u00e3o e mutir\u00f5es de exames.\u00a0<\/p>\n\n\n\n<p>Seguindo o protocolo do Minist\u00e9rio da Sa\u00fade, nas pr\u00f3ximas semanas haver\u00e1 um mutir\u00e3o de agendamento de mamografias de rastreamento, que consiste no exame de mulheres com 50 a 69 anos, que \u00e9 a idade considerada de risco, devido a maior incid\u00eancia de casos. Apesar do munic\u00edpio n\u00e3o ter uma fila de espera no sistema de regula\u00e7\u00e3o, o objetivo da gest\u00e3o \u00e9 oferecer o exame para mais mulheres, ampliando o acesso delas ao diagn\u00f3stico.<\/p>\n\n\n\n<p>Entre os dias 2 e 6 de outubro ser\u00e3o disponibilizadas 80 vagas na Unidade B\u00e1sica de Sa\u00fade (UBS) de Olaria, 80 na UBS do Suspiro e 80 na UBS de Conselheiro Paulino. Entre os dias 9 e 11 de outubro, ser\u00e3o disponibilizadas 80 mamografias para a UBS do Cordoeira e 80 para a UBS de S\u00e3o Geraldo. E entre os dias 16 e 20 e entre 23 e 27 de outubro, cada Estrat\u00e9gia da Sa\u00fade da Fam\u00edlia ter\u00e1 cinco vagas dispon\u00edveis.&nbsp;<\/p>\n\n\n\n<p>Os \u00f3rg\u00e3os superiores n\u00e3o indicam a mamografia para mulheres com menos de 50 anos, ao menos que seja uma pessoa que tenha sintomas, hist\u00f3rico na fam\u00edlia ou indica\u00e7\u00e3o m\u00e9dica. O exame \u00e9 muito importante para a constata\u00e7\u00e3o de alguma altera\u00e7\u00e3o na mama, que tamb\u00e9m pode ser vigiada pelo autoexame, e para o in\u00edcio do tratamento, j\u00e1 que essa \u00e9 uma doen\u00e7a que tem cura. Durante esse m\u00eas tamb\u00e9m acontecer\u00e3o rodas de conversa nos postos da cidade promovendo informa\u00e7\u00e3o sobre o tema e conscientiza\u00e7\u00e3o para a popula\u00e7\u00e3o sobre o c\u00e2ncer de mama.<\/p>\n","protected":false},"excerpt":{"rendered":"<p>Outubro Rosa \u00e9 a campanha deste m\u00eas que alerta sobre o c\u00e2ncer de mama, ampliando<\/p>\n","protected":false},"author":2,"featured_media":69369,"comment_status":"open","ping_status":"open","sticky":false,"template":"","format":"standard","meta":{"footnotes":""},"categories":[17],"tags":[],"class_list":["post-69368","post","type-post","status-publish","format-standard","has-post-thumbnail","hentry","category-outras-noticias"],"_links":{"self":[{"href":"https:\/\/tvc16.com\/portal\/wp-json\/wp\/v2\/posts\/69368","targetHints":{"allow":["GET"]}}],"collection":[{"href":"https:\/\/tvc16.com\/portal\/wp-json\/wp\/v2\/posts"}],"about":[{"href":"https:\/\/tvc16.com\/portal\/wp-json\/wp\/v2\/types\/post"}],"author":[{"embeddable":true,"href":"https:\/\/tvc16.com\/portal\/wp-json\/wp\/v2\/users\/2"}],"replies":[{"embeddable":true,"href":"https:\/\/tvc16.com\/portal\/wp-json\/wp\/v2\/comments?post=69368"}],"version-history":[{"count":2,"href":"https:\/\/tvc16.com\/portal\/wp-json\/wp\/v2\/posts\/69368\/revisions"}],"predecessor-version":[{"id":69381,"href":"https:\/\/tvc16.com\/portal\/wp-json\/wp\/v2\/posts\/69368\/revisions\/69381"}],"wp:featuredmedia":[{"embeddable":true,"href":"https:\/\/tvc16.com\/portal\/wp-json\/wp\/v2\/media\/69369"}],"wp:attachment":[{"href":"https:\/\/tvc16.com\/portal\/wp-json\/wp\/v2\/media?parent=69368"}],"wp:term":[{"taxonomy":"category","embeddable":true,"href":"https:\/\/tvc16.com\/portal\/wp-json\/wp\/v2\/categories?post=69368"},{"taxonomy":"post_tag","embeddable":true,"href":"https:\/\/tvc16.com\/portal\/wp-json\/wp\/v2\/tags?post=69368"}],"curies":[{"name":"wp","href":"https:\/\/api.w.org\/{rel}","templated":true}]}}